{"id":167,"date":"2009-06-16T16:40:00","date_gmt":"2009-06-16T14:40:00","guid":{"rendered":"http:\/\/www.dhk-galerie.de\/wordpress\/?p=167"},"modified":"2009-06-18T11:33:03","modified_gmt":"2009-06-18T09:33:03","slug":"koffer-auf-radern%e2%80%a6oder-warum-mir-gerade-ein-spruch-von-otto-einfallt","status":"publish","type":"post","link":"http:\/\/www.dhk-galerie.de\/wordpress\/blog\/2009\/06\/16\/koffer-auf-radern%e2%80%a6oder-warum-mir-gerade-ein-spruch-von-otto-einfallt\/","title":{"rendered":"Koffer auf R\u00e4dern\u2026oder warum mir gerade ein Spruch von Otto einf\u00e4llt"},"content":{"rendered":"<p><strong><span style=\"text-decoration: underline;\">Dienstag, 16. Juni 2009, 17:00 Uhr<\/span><\/strong><\/p>\n<p>Otto W. (DER bekannte Komiker) hat mal gesagt: \u201eIn meinem Brotsack da ist Brot drin, in meinem Geldsack da ist Geld drin\u2026und in meinem Rucksack das ist RUCK drin!\u201c In meinem Rucksack ist das Fotozeugs drin! Daf\u00fcr ist der Foto-Rucksack jetzt leer. Man kann sowie nur einen Sack tragen\u2026 Oder man hat einen Koffer mit \u201eR\u00e4dern unten dran\u201c! Hab ich auch noch, schlie\u00dflich braucht man f\u00fcr 16 Tage doch ab und an mal frische W\u00e4sche wenn man\u00a0gesellschaftsf\u00e4hig bleiben\u00a0will. Oder eine Tube Ray, hab ich f\u00fcr \u201edie kleine W\u00e4sche\u201c zwischendurch mit. Die h\u00e4tte sogar in die Jackentasche gepasst. Mein liebes Frauchen hat mir beim Packen geholfen, hat mich \u201ezusammengefaltet\u201c\u2026also die Hemden\u2026und Hosen. Sie k\u00f6nne das besser, meint sie. Insgeheim gebe ich ihr recht.<\/p>\n<p>Aber jetzt ist alles im Koffer drin. Hoffe ich. In einem Koffer auf R\u00e4dern! Als ich diese Dinger vor paar Jahren zum ersten mal sah, vorgespannt mit feinen Damen oder Herren im Kost\u00fcm oder Lodenmantel, hab ich mir geschworen: so was benutzt du niemals! Richtige M\u00e4nner tragen ihre Koffer! \u2026ich kann ihn ganz leicht hin und her schieben und er folgt mir \u00fcberall hin.<\/p>\n","protected":false},"excerpt":{"rendered":"<p>Dienstag, 16. Juni 2009, 17:00 Uhr Otto W. (DER bekannte Komiker) hat mal gesagt: \u201eIn meinem Brotsack da ist Brot drin, in meinem Geldsack da ist Geld drin\u2026und in meinem Rucksack das ist RUCK drin!\u201c In meinem Rucksack ist das Fotozeugs drin! Daf\u00fcr ist der Foto-Rucksack jetzt leer. Man kann sowie nur einen Sack tragen\u2026 [&hellip;]<\/p>\n","protected":false},"author":2,"featured_media":0,"comment_status":"open","ping_status":"open","sticky":false,"template":"","format":"standard","meta":{"footnotes":""},"categories":[1],"tags":[],"class_list":["post-167","post","type-post","status-publish","format-standard","hentry","category-allgemein"],"_links":{"self":[{"href":"http:\/\/www.dhk-galerie.de\/wordpress\/wp-json\/wp\/v2\/posts\/167","targetHints":{"allow":["GET"]}}],"collection":[{"href":"http:\/\/www.dhk-galerie.de\/wordpress\/wp-json\/wp\/v2\/posts"}],"about":[{"href":"http:\/\/www.dhk-galerie.de\/wordpress\/wp-json\/wp\/v2\/types\/post"}],"author":[{"embeddable":true,"href":"http:\/\/www.dhk-galerie.de\/wordpress\/wp-json\/wp\/v2\/users\/2"}],"replies":[{"embeddable":true,"href":"http:\/\/www.dhk-galerie.de\/wordpress\/wp-json\/wp\/v2\/comments?post=167"}],"version-history":[{"count":5,"href":"http:\/\/www.dhk-galerie.de\/wordpress\/wp-json\/wp\/v2\/posts\/167\/revisions"}],"predecessor-version":[{"id":178,"href":"http:\/\/www.dhk-galerie.de\/wordpress\/wp-json\/wp\/v2\/posts\/167\/revisions\/178"}],"wp:attachment":[{"href":"http:\/\/www.dhk-galerie.de\/wordpress\/wp-json\/wp\/v2\/media?parent=167"}],"wp:term":[{"taxonomy":"category","embeddable":true,"href":"http:\/\/www.dhk-galerie.de\/wordpress\/wp-json\/wp\/v2\/categories?post=167"},{"taxonomy":"post_tag","embeddable":true,"href":"http:\/\/www.dhk-galerie.de\/wordpress\/wp-json\/wp\/v2\/tags?post=167"}],"curies":[{"name":"wp","href":"https:\/\/api.w.org\/{rel}","templated":true}]}}