{"id":179,"date":"2009-06-18T21:47:18","date_gmt":"2009-06-18T19:47:18","guid":{"rendered":"http:\/\/www.dhk-galerie.de\/wordpress\/?p=179"},"modified":"2009-06-18T21:48:05","modified_gmt":"2009-06-18T19:48:05","slug":"der-countdown-lauft","status":"publish","type":"post","link":"http:\/\/www.dhk-galerie.de\/wordpress\/blog\/2009\/06\/18\/der-countdown-lauft\/","title":{"rendered":"Der Countdown l\u00e4uft&#8230;"},"content":{"rendered":"<p><strong><span style=\"text-decoration: underline;\">Donnerstag, 18.Juni, 2009, 22:45 Uhr<\/span><\/strong><\/p>\n<p>&#8230;so hie\u00df mal ein Lied von der Ost-Band BERLUC. Kennt die noch jemand? Gibts die \u00fcberhaupt noch? Oder ist die auch abgewickelt worden? In dem Lied ging es auch irgendwie um Luft und Land und Leute und\u00a0Erde und so. Aber ich glaube in einem anderen Zusammenhang als meine Wandertour.<\/p>\n<p>Der wandernde Fotorucksack ist gepackt&#8230;und die &#8222;R\u00e4del&#8220; am Koffer sind\u00a0ge\u00f6lt! Nix wird mich mehr aufhalten! Ob ich was vergessen habe? Mit Sicherheit! Ob ich zuviel dabei habe? Wie immer&#8230; Mein Frauchen meint ich solle lieber noch ein Hemd oder Pullover mitnehmen anstatt so viel Fotozeugs! Ach liebes Frauchen&#8230;<\/p>\n<p>In paar Stunden ist die Nacht vorbei, 4:44 Uhr geht mein Zug (k\u00f6nnte man glatt einen drauf trinken), d.h. 3:00 Uhr aufstehen! Aber ich fahr ja in Urlaub=ausschlafen! Bilde ich mir zumindest ein&#8230;<\/p>\n<p>Ich bin aufgeregt! Klar doch! Logisch! Bin auf unsere Truppe gespannt, und auf die Landschaften, und die Menschen&#8230;und den Wein!\u00a0Nat\u00fcrlich nur zum Genie\u00dfen! Als Tagesausklang!\u00a0Mein Frauchen klappert schon mit den Gl\u00e4sern: es gibt jetzt bestimmt noch einen sch\u00f6nen &#8222;S\u00e4ggsschen Tropfen&#8220; ins Glas. Zur Feier des Tages sozusagen. Lieb, nicht? Und ich hab noch nicht mal gefragt wie es ihr \u00fcberhaupt so geht&#8230;ohne mich&#8230;die n\u00e4chste Zeit.<\/p>\n","protected":false},"excerpt":{"rendered":"<p>Donnerstag, 18.Juni, 2009, 22:45 Uhr &#8230;so hie\u00df mal ein Lied von der Ost-Band BERLUC. Kennt die noch jemand? Gibts die \u00fcberhaupt noch? Oder ist die auch abgewickelt worden? In dem Lied ging es auch irgendwie um Luft und Land und Leute und\u00a0Erde und so. Aber ich glaube in einem anderen Zusammenhang als meine Wandertour. Der [&hellip;]<\/p>\n","protected":false},"author":2,"featured_media":0,"comment_status":"open","ping_status":"open","sticky":false,"template":"","format":"standard","meta":{"footnotes":""},"categories":[1],"tags":[],"class_list":["post-179","post","type-post","status-publish","format-standard","hentry","category-allgemein"],"_links":{"self":[{"href":"http:\/\/www.dhk-galerie.de\/wordpress\/wp-json\/wp\/v2\/posts\/179","targetHints":{"allow":["GET"]}}],"collection":[{"href":"http:\/\/www.dhk-galerie.de\/wordpress\/wp-json\/wp\/v2\/posts"}],"about":[{"href":"http:\/\/www.dhk-galerie.de\/wordpress\/wp-json\/wp\/v2\/types\/post"}],"author":[{"embeddable":true,"href":"http:\/\/www.dhk-galerie.de\/wordpress\/wp-json\/wp\/v2\/users\/2"}],"replies":[{"embeddable":true,"href":"http:\/\/www.dhk-galerie.de\/wordpress\/wp-json\/wp\/v2\/comments?post=179"}],"version-history":[{"count":2,"href":"http:\/\/www.dhk-galerie.de\/wordpress\/wp-json\/wp\/v2\/posts\/179\/revisions"}],"predecessor-version":[{"id":181,"href":"http:\/\/www.dhk-galerie.de\/wordpress\/wp-json\/wp\/v2\/posts\/179\/revisions\/181"}],"wp:attachment":[{"href":"http:\/\/www.dhk-galerie.de\/wordpress\/wp-json\/wp\/v2\/media?parent=179"}],"wp:term":[{"taxonomy":"category","embeddable":true,"href":"http:\/\/www.dhk-galerie.de\/wordpress\/wp-json\/wp\/v2\/categories?post=179"},{"taxonomy":"post_tag","embeddable":true,"href":"http:\/\/www.dhk-galerie.de\/wordpress\/wp-json\/wp\/v2\/tags?post=179"}],"curies":[{"name":"wp","href":"https:\/\/api.w.org\/{rel}","templated":true}]}}