{"id":182,"date":"2009-06-19T06:57:25","date_gmt":"2009-06-19T04:57:25","guid":{"rendered":"http:\/\/www.dhk-galerie.de\/wordpress\/?p=182"},"modified":"2009-06-19T07:02:03","modified_gmt":"2009-06-19T05:02:03","slug":"geschafft","status":"publish","type":"post","link":"http:\/\/www.dhk-galerie.de\/wordpress\/blog\/2009\/06\/19\/geschafft\/","title":{"rendered":"Geschafft!"},"content":{"rendered":"<p><strong><span style=\"text-decoration: underline;\">Freitag, 19. Juni 2009, 6:00 Uhr<\/span><\/strong><\/p>\n<p>Seit einer guten Stunde bin ich mit dem ICE &#8222;Kiel&#8220; in Richtung Westen unterwegs. P\u00fcnktlich gestartet sind wir schon mal. Aber das hat nichts zu sagen! Viel wichtiger ist: werden auch alle Achsen halten???<\/p>\n<p>Mein liebes Frauchen hat mich heute ganz fr\u00fch zum Bahnhof gebracht. Vielen Dank mein Schatz! Ein wenig traurig war sie dann schon, das sie nicht mitkommen kann. Schnell hat sie mir noch einen Handku\u00df hinterher geworfen&#8230;der muss reichen f\u00fcr die n\u00e4chsten Tage&#8230;<\/p>\n<p>Am Himmel ist Chaos. Die Wolken wissen nicht was sie wollen. Sie k\u00e4mpfen mit der Sonne. Ich hoffe die Sonne gewinnt&#8230;<\/p>\n<p>So langsam komme ich zur Ruhe, lasse die letzten Tage nochmal Revue passieren. Erst der Anruf von der SZ, dann von der BoW-Organisation. Erst Freude, dann Zweifel&#8230;und jetzt doch Freude. Und mit soviel technischen Zeugs bin ich noch nie verreist: Laptop, Handy, mp3-Player, USB-Stick, D2-Stick, GPS-Logger (der loggt \u00fcbrigens schon mit). F\u00fcr alles noch div. Ladeger\u00e4te. Und einen Rucksack voll Fotozeug. Otto w\u00fcrde sagen: ein &#8222;Fotosack&#8220;.<\/p>\n<p>Gerade war der Schaffner da. Er konnte sogar aus diesem &#8222;Schwarzmaskendingens&#8220; vom A4-Fahrschein was herauslesen. Ich darf weiter mitfahren.<\/p>\n<p>Drau\u00dfen fliegt die Landschaft vorbei: hellgr\u00fcne Wiesen, dunkelgr\u00fcne W\u00e4lder, gelbe Felder. Es ist Sommer. Die Wolken scheinen davon nicht zu wissen&#8230;die Sonne wird wohl verlieren.<\/p>\n<p>Das 1.Klasse-Abteil ist ziemlich leer. Es ist still. Ich vermisse die &#8222;Manager&#8220; die nichts besseres zu tun haben als mit ihren Handys zu berichten das der Zug gerade abgfahren ist. Was soll er auch sonst machne? Oder die wie wild auf ihren Laptops klimpern. Als h\u00e4tte es nicht Zeit bis ins B\u00fcro. Aber diese Manager sind alle nachmittags unterwegs. Irgendwo schnarcht jemand. Und das mitten in der Ruhezone&#8230;<\/p>\n<p>So brause ich also mit 200 Sachen in Richtung Schwarzwald (die Achsen!!!). Ich bin gespannt auf diesen Teil Deutschlands,kenne ich den doch nur vom H\u00f6ren-Sagen. Selber w\u00e4re ich wohl erst im hohen Rentenalter dahin gereist. Und so hab ich auch keine Vorurteile. Unbedingt kl\u00e4ren will ich warum der Schwarzwald &#8222;Schwarzwald&#8220; hei\u00dft! Hab ich doch schon in der Schule gelernt das es f\u00fcr die Photosynthese gr\u00fcne Pflanzen braucht! Ob dort wirklich alle B\u00e4ume schwarz sind? Das k\u00f6nnte ich mir h\u00f6chtens in Bayern vorstellen. Aber auch dort treiben schon rote Bl\u00fcten.<\/p>\n<p>Und jetzt probier ich was:&#8230;hab meine zwei d\u00fcnnen Dr\u00e4hte von zu Hause in so einen wei\u00dfen Stick gepackt. Internet zum mitnehmen! Ob das gut geht? Irgendwas macht er: eine gr\u00fcne LED blinkert munter vor sich hin. Bleibt nur zu hoffen das die Daten in die richtigen Kan\u00e4le gelangen. War ja zuletzt bei der Deutschen Bahn nicht immer so einfach.<\/p>\n<p>Zu was das Internet&#8230;aber lassen wir das jetzt&#8230;der Akku vom Laptop ist gleich leer&#8230;<\/p>\n","protected":false},"excerpt":{"rendered":"<p>Freitag, 19. Juni 2009, 6:00 Uhr Seit einer guten Stunde bin ich mit dem ICE &#8222;Kiel&#8220; in Richtung Westen unterwegs. P\u00fcnktlich gestartet sind wir schon mal. Aber das hat nichts zu sagen! Viel wichtiger ist: werden auch alle Achsen halten??? Mein liebes Frauchen hat mich heute ganz fr\u00fch zum Bahnhof gebracht. Vielen Dank mein Schatz! [&hellip;]<\/p>\n","protected":false},"author":2,"featured_media":0,"comment_status":"open","ping_status":"open","sticky":false,"template":"","format":"standard","meta":{"footnotes":""},"categories":[1],"tags":[],"class_list":["post-182","post","type-post","status-publish","format-standard","hentry","category-allgemein"],"_links":{"self":[{"href":"http:\/\/www.dhk-galerie.de\/wordpress\/wp-json\/wp\/v2\/posts\/182","targetHints":{"allow":["GET"]}}],"collection":[{"href":"http:\/\/www.dhk-galerie.de\/wordpress\/wp-json\/wp\/v2\/posts"}],"about":[{"href":"http:\/\/www.dhk-galerie.de\/wordpress\/wp-json\/wp\/v2\/types\/post"}],"author":[{"embeddable":true,"href":"http:\/\/www.dhk-galerie.de\/wordpress\/wp-json\/wp\/v2\/users\/2"}],"replies":[{"embeddable":true,"href":"http:\/\/www.dhk-galerie.de\/wordpress\/wp-json\/wp\/v2\/comments?post=182"}],"version-history":[{"count":2,"href":"http:\/\/www.dhk-galerie.de\/wordpress\/wp-json\/wp\/v2\/posts\/182\/revisions"}],"predecessor-version":[{"id":184,"href":"http:\/\/www.dhk-galerie.de\/wordpress\/wp-json\/wp\/v2\/posts\/182\/revisions\/184"}],"wp:attachment":[{"href":"http:\/\/www.dhk-galerie.de\/wordpress\/wp-json\/wp\/v2\/media?parent=182"}],"wp:term":[{"taxonomy":"category","embeddable":true,"href":"http:\/\/www.dhk-galerie.de\/wordpress\/wp-json\/wp\/v2\/categories?post=182"},{"taxonomy":"post_tag","embeddable":true,"href":"http:\/\/www.dhk-galerie.de\/wordpress\/wp-json\/wp\/v2\/tags?post=182"}],"curies":[{"name":"wp","href":"https:\/\/api.w.org\/{rel}","templated":true}]}}