{"id":193,"date":"2009-06-21T01:17:12","date_gmt":"2009-06-20T23:17:12","guid":{"rendered":"http:\/\/www.dhk-galerie.de\/wordpress\/?p=193"},"modified":"2009-06-25T23:56:31","modified_gmt":"2009-06-25T21:56:31","slug":"im-schwarzwald-unterwegs","status":"publish","type":"post","link":"http:\/\/www.dhk-galerie.de\/wordpress\/blog\/2009\/06\/21\/im-schwarzwald-unterwegs\/","title":{"rendered":"im Schwarzwald unterwegs"},"content":{"rendered":"<div><span style=\"font-size: x-small;\"><strong><span style=\"text-decoration: underline;\">Samstag, 20. Juni 2009<\/span><\/strong><\/span><\/div>\n<div><span style=\"font-size: x-small;\">Heut morgen f\u00fchle ich mich noch genau so sauber wie gestern nach dem Zuber-Bad. Hab deshalb auf das Duschen verzichtet. \u00a0Stattdessen ein gem\u00fchtliches Fr\u00fchst\u00fcck eingenommen. Es gibt alles was das Herz begehrt.\u00a0 Die freundliche Touristik-Mitarbeiterin Anja erwartet uns um 10:00 Uhr zu einer kleinen Einf\u00fchrungstour auf die H\u00f6hen des Schwarzwaldes.\u00a0 Die ersten 300 H\u00f6henmeter erledigen wir ganz schnell mit einem Van.\u00a0 F\u00fcr die F\u00fc\u00dfe bleiben noch ca. 100 hm. Wir sind unterwegs auf der Bannwaldtour, einer \u00e4u\u00dferst attraktiven Runde vom Naturschutzzentrum am Ruhestein zum Naturschutzgebiet &#8222;Wilder See&#8220;. Mystisch liegt der See unten im Tal, gef\u00fcllt mit schwarzem Moorwasser. Ringsum ist Wald! Viel Wald! Heller, dunkler, kleiner, gro\u00dfer, manchmal auch Gebrochener. Es ist alles Schwarzwald. Auf steilem Pfad, den ich im Schwarzwald nie vermutet h\u00e4tte, steigen wir zum Seeufer ab. Noch stiller ruht der See. Ich frage mich wer auf diesen Namen f\u00fcr den See gekommen ist. Anja liest uns eine Sage vor, die das Ganze noch mystischer macht. Eigentlich wollte sie uns eine Kopie geben.<\/span><\/div>\n<div><span style=\"font-size: x-small;\">\u00a0<\/span><\/div>\n<div><span style=\"font-size: x-small;\"><\/span><\/p>\n<div><span style=\"font-size: x-small;\">Der anschlie\u00dfende gem\u00e4chliche Aufsteig bringt uns wieder auf die H\u00f6hen des Schwarzwaldes zur\u00fcck. Wir haben noch ein sch\u00f6nes St\u00fcck R\u00fcckweg vor uns und kommen an einem herrlichen Ausblick vorbei, der den Blick weit ins Land tr\u00e4gt. Dieser Blick ist es, der mich immer wieder ins Hochgebirge zieht. Im Schwarzwald sind das gerade mal 1000 Meter. Uns bietet sich eine herrliche Sicht in die Oberrheinebene bis hin zu den Vogesen. Anja meint, bei herrlicher Sicht sieht man die Schweizer Alpen! Ich glaube ihr, wei\u00df ich doch das wir hier ganz tief im Westen sind. Und ein westliches Nachbarland von Deutschland ist die Schweiz. F\u00fcr diesen Ausblick hat &#8222;Lothar&#8220; gesorgt, einem miesen Typen auf den ich gleich nochmal zur\u00fcck komme. Zuvor genie\u00dfe ich bei einem leckeren Burgunder einen kleinen Imbiss. Gerade recht, denn die frische und saubere Luft im Schwarzwald macht unsere Truppe m\u00e4chtig Appetit.<\/span><\/div>\n<div><span style=\"font-size: x-small;\"><\/p>\n<div id=\"attachment_239\" style=\"width: 440px\" class=\"wp-caption aligncenter\"><img loading=\"lazy\" decoding=\"async\" aria-describedby=\"caption-attachment-239\" class=\"size-full wp-image-239\" title=\"Blog_Aussicht_MG_8782\" src=\"http:\/\/www.dhk-galerie.de\/wordpress\/wp-content\/uploads\/2009\/06\/Blog_Aussicht_MG_87821.jpg\" alt=\"Weitsicht\" width=\"430\" height=\"292\" srcset=\"http:\/\/www.dhk-galerie.de\/wordpress\/wp-content\/uploads\/2009\/06\/Blog_Aussicht_MG_87821.jpg 430w, http:\/\/www.dhk-galerie.de\/wordpress\/wp-content\/uploads\/2009\/06\/Blog_Aussicht_MG_87821-300x203.jpg 300w\" sizes=\"auto, (max-width: 430px) 100vw, 430px\" \/><p id=\"caption-attachment-239\" class=\"wp-caption-text\">Weitsicht<\/p><\/div>\n<p><\/span><\/div>\n<div><span style=\"font-size: x-small;\"><img loading=\"lazy\" decoding=\"async\" class=\"aligncenter size-full wp-image-238\" title=\"Flechte\" src=\"http:\/\/www.dhk-galerie.de\/wordpress\/wp-content\/uploads\/2009\/06\/Flechte.jpg\" alt=\"Flechte\" width=\"430\" height=\"285\" srcset=\"http:\/\/www.dhk-galerie.de\/wordpress\/wp-content\/uploads\/2009\/06\/Flechte.jpg 430w, http:\/\/www.dhk-galerie.de\/wordpress\/wp-content\/uploads\/2009\/06\/Flechte-300x198.jpg 300w\" sizes=\"auto, (max-width: 430px) 100vw, 430px\" \/><\/span><\/div>\n<div><span style=\"font-size: x-small;\">Frisch gest\u00e4rkt machen wir einen Rundgang durch das Naturschutzzentrum. Es ist so gut besucht, das wir uns nicht lange aufhalten. Stattdessen schnappen wir uns einen hie\u00dfigen Tourismusf\u00fchrer und machen uns mit Anja und dem Van auf zum &#8222;Lotharpfad&#8220;. &#8222;Lothar&#8220; hat hier zu Weihnachten 1999 ziemliches Unheil angerichtet. Er war ein st\u00fcrmischer Typ. Der Schwarzwald hat das zu sp\u00fcren bekommen, er konnte den ca. 250km\/h Sturmkr\u00e4ften nichts entgegen setzen. So gibt es neben gesunden, kr\u00e4ftigen und dunkelgr\u00fcnem Wald auch sehr viel kahle Stellen. Dort sieht der Schwarzwald sehr traurig aus. 70 Jahre alte Schwarzwaldb\u00e4ume hat &#8222;Lothar&#8220; einfach umgeknickt. Es liegt kreuz und quer. Kahle Wurzeln strecken sich zum Himmel. Sie sind tod. Doch dazwischen zeigt sich frisches Gr\u00fcn. Saft- und kraftvoll! Leben und Tod liegen ganz nah beisammen. Es ist so wie im bei uns Menschen im richtigen Leben. Der Pfad ist nicht lang aber der Mann vom Naturschutzzentrum hat viel zu erz\u00e4hlen: 30 Millionen Festmeter Holz sind damals kaputt gegangen, einfach vom &#8222;Lothar&#8220; umgem\u00e4ht. In nicht mal 90 Minuten! Dann war der Spuk vorbei. Autofahrer, die zu dieser Zeit unterwegs waren berichten, das alles echt war! Sie waren binnen paar Minuten eingeschlossen von umgest\u00fcrzten B\u00e4umen. Es gab weder vor noch zur\u00fcck.<\/span><span style=\"font-size: x-small;\">\u00a0<\/span><\/div>\n<div id=\"attachment_195\" style=\"width: 440px\" class=\"wp-caption aligncenter\"><img loading=\"lazy\" decoding=\"async\" aria-describedby=\"caption-attachment-195\" class=\"size-full wp-image-195\" title=\"Blog_Lothar_MG_0029\" src=\"http:\/\/www.dhk-galerie.de\/wordpress\/wp-content\/uploads\/2009\/06\/Blog_Lothar_MG_0029.jpg\" alt=\"Tod und Leben\" width=\"430\" height=\"295\" srcset=\"http:\/\/www.dhk-galerie.de\/wordpress\/wp-content\/uploads\/2009\/06\/Blog_Lothar_MG_0029.jpg 430w, http:\/\/www.dhk-galerie.de\/wordpress\/wp-content\/uploads\/2009\/06\/Blog_Lothar_MG_0029-300x205.jpg 300w\" sizes=\"auto, (max-width: 430px) 100vw, 430px\" \/><p id=\"caption-attachment-195\" class=\"wp-caption-text\">Tod und Leben<\/p><\/div>\n<p>24 Stunden hat es gedauert bis Rettungskr\u00e4fte die Autos mit den Fahrern wieder freibekommen haben. Seit dem sind diese sehr vorsichtig auf der Schwarzwaldhochstrasse unterwegs. Nur die Motorradfahrer m\u00fcssen neu hier sein. Ich hab ein paar Bilder mehr als sonst geschossen, aber ob sie die traurige Stimmung in mir r\u00fcber bringen werden?<\/p>\n<div id=\"attachment_203\" style=\"width: 440px\" class=\"wp-caption aligncenter\"><img loading=\"lazy\" decoding=\"async\" aria-describedby=\"caption-attachment-203\" class=\"size-full wp-image-203\" title=\"Blog_F\u00fchrer_MG_8825\" src=\"http:\/\/www.dhk-galerie.de\/wordpress\/wp-content\/uploads\/2009\/06\/Blog_F\u00fchrer_MG_8825.jpg\" alt=\"Hr. Kafka f\u00fchrte uns durch das Schadensgebiet\" width=\"430\" height=\"273\" srcset=\"http:\/\/www.dhk-galerie.de\/wordpress\/wp-content\/uploads\/2009\/06\/Blog_F\u00fchrer_MG_8825.jpg 430w, http:\/\/www.dhk-galerie.de\/wordpress\/wp-content\/uploads\/2009\/06\/Blog_F\u00fchrer_MG_8825-300x190.jpg 300w\" sizes=\"auto, (max-width: 430px) 100vw, 430px\" \/><p id=\"caption-attachment-203\" class=\"wp-caption-text\">Hr. Kafka f\u00fchrte uns durch das Schadensgebiet<\/p><\/div>\n<p><strong><span style=\"text-decoration: underline;\">22:30 Uhr<\/span><\/strong> Gerade sind wir von einem k\u00f6stlichen Abendbrot zur\u00fcck gekommen, ich bin satt bis obenhin. Heut Abend war der Peter Stoll unser Fahrer, die Anja muss ja auch mal frei haben. Wir waren im &#8222;Seidtenhof&#8220;, einer Bauergastst\u00e4tte auf den Reichenbacher H\u00f6fen. An den typisch regionalen Gerichten gibt es \u00fcberhaupt nichts auszusetzen, alles war sehr sehr lecker.<\/p>\n<p>Diese Nacht wird kurz: morgen fr\u00fch ist um 9:00 Uhr Start zu der 24 km langen &#8222;Eiszeittour&#8220;. Vorsorglich lege ich mir die dicken Wandersocken zurecht&#8230;<\/p>\n<div id=\"attachment_204\" style=\"width: 440px\" class=\"wp-caption aligncenter\"><img loading=\"lazy\" decoding=\"async\" aria-describedby=\"caption-attachment-204\" class=\"size-full wp-image-204\" title=\"Blog_Idylle_MG_8808\" src=\"http:\/\/www.dhk-galerie.de\/wordpress\/wp-content\/uploads\/2009\/06\/Blog_Idylle_MG_8808.jpg\" alt=\"idyllischer Schwarzwald\" width=\"430\" height=\"263\" srcset=\"http:\/\/www.dhk-galerie.de\/wordpress\/wp-content\/uploads\/2009\/06\/Blog_Idylle_MG_8808.jpg 430w, http:\/\/www.dhk-galerie.de\/wordpress\/wp-content\/uploads\/2009\/06\/Blog_Idylle_MG_8808-300x183.jpg 300w\" sizes=\"auto, (max-width: 430px) 100vw, 430px\" \/><p id=\"caption-attachment-204\" class=\"wp-caption-text\">idyllischer Schwarzwald<\/p><\/div>\n<\/div>\n<div id=\"attachment_208\" style=\"width: 440px\" class=\"wp-caption aligncenter\"><img loading=\"lazy\" decoding=\"async\" aria-describedby=\"caption-attachment-208\" class=\"size-full wp-image-208\" title=\"Blog_wilder_See_MG_8757\" src=\"http:\/\/www.dhk-galerie.de\/wordpress\/wp-content\/uploads\/2009\/06\/Blog_wilder_See_MG_8757.jpg\" alt=\"still ruht der &quot;wilde See&quot;\" width=\"430\" height=\"265\" srcset=\"http:\/\/www.dhk-galerie.de\/wordpress\/wp-content\/uploads\/2009\/06\/Blog_wilder_See_MG_8757.jpg 430w, http:\/\/www.dhk-galerie.de\/wordpress\/wp-content\/uploads\/2009\/06\/Blog_wilder_See_MG_8757-300x184.jpg 300w\" sizes=\"auto, (max-width: 430px) 100vw, 430px\" \/><p id=\"caption-attachment-208\" class=\"wp-caption-text\">still ruht der &quot;wilde See&quot;<\/p><\/div>\n","protected":false},"excerpt":{"rendered":"<p>Samstag, 20. Juni 2009 Heut morgen f\u00fchle ich mich noch genau so sauber wie gestern nach dem Zuber-Bad. Hab deshalb auf das Duschen verzichtet. \u00a0Stattdessen ein gem\u00fchtliches Fr\u00fchst\u00fcck eingenommen. Es gibt alles was das Herz begehrt.\u00a0 Die freundliche Touristik-Mitarbeiterin Anja erwartet uns um 10:00 Uhr zu einer kleinen Einf\u00fchrungstour auf die H\u00f6hen des Schwarzwaldes.\u00a0 Die [&hellip;]<\/p>\n","protected":false},"author":2,"featured_media":0,"comment_status":"open","ping_status":"open","sticky":false,"template":"","format":"standard","meta":{"footnotes":""},"categories":[1],"tags":[],"class_list":["post-193","post","type-post","status-publish","format-standard","hentry","category-allgemein"],"_links":{"self":[{"href":"http:\/\/www.dhk-galerie.de\/wordpress\/wp-json\/wp\/v2\/posts\/193","targetHints":{"allow":["GET"]}}],"collection":[{"href":"http:\/\/www.dhk-galerie.de\/wordpress\/wp-json\/wp\/v2\/posts"}],"about":[{"href":"http:\/\/www.dhk-galerie.de\/wordpress\/wp-json\/wp\/v2\/types\/post"}],"author":[{"embeddable":true,"href":"http:\/\/www.dhk-galerie.de\/wordpress\/wp-json\/wp\/v2\/users\/2"}],"replies":[{"embeddable":true,"href":"http:\/\/www.dhk-galerie.de\/wordpress\/wp-json\/wp\/v2\/comments?post=193"}],"version-history":[{"count":7,"href":"http:\/\/www.dhk-galerie.de\/wordpress\/wp-json\/wp\/v2\/posts\/193\/revisions"}],"predecessor-version":[{"id":240,"href":"http:\/\/www.dhk-galerie.de\/wordpress\/wp-json\/wp\/v2\/posts\/193\/revisions\/240"}],"wp:attachment":[{"href":"http:\/\/www.dhk-galerie.de\/wordpress\/wp-json\/wp\/v2\/media?parent=193"}],"wp:term":[{"taxonomy":"category","embeddable":true,"href":"http:\/\/www.dhk-galerie.de\/wordpress\/wp-json\/wp\/v2\/categories?post=193"},{"taxonomy":"post_tag","embeddable":true,"href":"http:\/\/www.dhk-galerie.de\/wordpress\/wp-json\/wp\/v2\/tags?post=193"}],"curies":[{"name":"wp","href":"https:\/\/api.w.org\/{rel}","templated":true}]}}