{"id":197,"date":"2009-06-21T09:02:30","date_gmt":"2009-06-21T07:02:30","guid":{"rendered":"http:\/\/www.dhk-galerie.de\/wordpress\/?p=197"},"modified":"2009-06-22T09:05:07","modified_gmt":"2009-06-22T07:05:07","slug":"speziell-fur-lothar-ironisch-gemeint","status":"publish","type":"post","link":"http:\/\/www.dhk-galerie.de\/wordpress\/blog\/2009\/06\/21\/speziell-fur-lothar-ironisch-gemeint\/","title":{"rendered":"speziell f\u00fcr Lothar (ironisch gemeint)"},"content":{"rendered":"<p><span style=\"font-size: x-small;\"><strong><span style=\"text-decoration: underline;\">Lieber Lothar<\/span><\/strong>, ja, genau du: der Mann von Ingeborg! Sie hat mir gesagt das sie einen Ehemann mit Namen &#8222;Lothar&#8220; zu Hause hat. Leider erst nach der Ver\u00f6ffentlichung meines Berichtes \u00fcber den Wirbelsturm. Bist du auch so ein &#8222;Wirbelwind&#8220;? Ich hoffe der Image-Schaden f\u00fcr dich h\u00e4lt sich nach meinem Bericht in Grenzen. Gleichzeitig lehne ich jede Schadensanspr\u00fcche katagorisch ab, wo kommen wir denn da hin. In Zukunft muss ich wohl mit Namen etwas vorsichtiger umgehen&#8230;<\/p>\n<p><\/span><\/p>\n","protected":false},"excerpt":{"rendered":"<p>Lieber Lothar, ja, genau du: der Mann von Ingeborg! Sie hat mir gesagt das sie einen Ehemann mit Namen &#8222;Lothar&#8220; zu Hause hat. Leider erst nach der Ver\u00f6ffentlichung meines Berichtes \u00fcber den Wirbelsturm. Bist du auch so ein &#8222;Wirbelwind&#8220;? Ich hoffe der Image-Schaden f\u00fcr dich h\u00e4lt sich nach meinem Bericht in Grenzen. Gleichzeitig lehne ich [&hellip;]<\/p>\n","protected":false},"author":2,"featured_media":0,"comment_status":"open","ping_status":"open","sticky":false,"template":"","format":"standard","meta":{"footnotes":""},"categories":[1],"tags":[],"class_list":["post-197","post","type-post","status-publish","format-standard","hentry","category-allgemein"],"_links":{"self":[{"href":"http:\/\/www.dhk-galerie.de\/wordpress\/wp-json\/wp\/v2\/posts\/197","targetHints":{"allow":["GET"]}}],"collection":[{"href":"http:\/\/www.dhk-galerie.de\/wordpress\/wp-json\/wp\/v2\/posts"}],"about":[{"href":"http:\/\/www.dhk-galerie.de\/wordpress\/wp-json\/wp\/v2\/types\/post"}],"author":[{"embeddable":true,"href":"http:\/\/www.dhk-galerie.de\/wordpress\/wp-json\/wp\/v2\/users\/2"}],"replies":[{"embeddable":true,"href":"http:\/\/www.dhk-galerie.de\/wordpress\/wp-json\/wp\/v2\/comments?post=197"}],"version-history":[{"count":1,"href":"http:\/\/www.dhk-galerie.de\/wordpress\/wp-json\/wp\/v2\/posts\/197\/revisions"}],"predecessor-version":[{"id":198,"href":"http:\/\/www.dhk-galerie.de\/wordpress\/wp-json\/wp\/v2\/posts\/197\/revisions\/198"}],"wp:attachment":[{"href":"http:\/\/www.dhk-galerie.de\/wordpress\/wp-json\/wp\/v2\/media?parent=197"}],"wp:term":[{"taxonomy":"category","embeddable":true,"href":"http:\/\/www.dhk-galerie.de\/wordpress\/wp-json\/wp\/v2\/categories?post=197"},{"taxonomy":"post_tag","embeddable":true,"href":"http:\/\/www.dhk-galerie.de\/wordpress\/wp-json\/wp\/v2\/tags?post=197"}],"curies":[{"name":"wp","href":"https:\/\/api.w.org\/{rel}","templated":true}]}}