{"id":215,"date":"2009-06-22T23:27:20","date_gmt":"2009-06-22T21:27:20","guid":{"rendered":"http:\/\/www.dhk-galerie.de\/wordpress\/?p=215"},"modified":"2009-06-27T00:16:39","modified_gmt":"2009-06-26T22:16:39","slug":"60-minuten-frankreich","status":"publish","type":"post","link":"http:\/\/www.dhk-galerie.de\/wordpress\/blog\/2009\/06\/22\/60-minuten-frankreich\/","title":{"rendered":"60 Minuten Frankreich"},"content":{"rendered":"<div><span style=\"font-size: small;\"><strong><span style=\"text-decoration: underline;\">Montag, 22. Juni 2009<\/span><\/strong><\/span><\/div>\n<div><span style=\"font-size: small;\">\u00a0<\/span><\/div>\n<div><span style=\"font-size: small;\">\u00a0<\/span><img loading=\"lazy\" decoding=\"async\" class=\"aligncenter size-full wp-image-254\" title=\"grenze\" src=\"http:\/\/www.dhk-galerie.de\/wordpress\/wp-content\/uploads\/2009\/06\/grenze.jpg\" alt=\"grenze\" width=\"430\" height=\"277\" srcset=\"http:\/\/www.dhk-galerie.de\/wordpress\/wp-content\/uploads\/2009\/06\/grenze.jpg 430w, http:\/\/www.dhk-galerie.de\/wordpress\/wp-content\/uploads\/2009\/06\/grenze-300x193.jpg 300w\" sizes=\"auto, (max-width: 430px) 100vw, 430px\" \/><\/div>\n<div><span style=\"font-size: small;\">\u00a0<\/span><\/div>\n<p><span style=\"font-size: small;\"><span style=\"font-size: small;\">Heute war Transporttag angesagt: um 11:00 beendete ein Bustransfer unsere sch\u00f6ne Zeit in Baiersbronn, Anja lies es sich nicht nehmen nochmals pers\u00f6nlich vorbei zu schauen. Ich wu\u00dfte es&#8230; Durch W\u00e4lder und \u00fcber die H\u00f6hen des Schwarzwaldes schl\u00e4ngelte sich unsere Strasse, vorbei an den Vogeesen und \u00fcber den Hunsr\u00fcck. Und wir sind durch Frankreich gefahren! Wieder ein neues Land auf meiner Liste! Es war zwar nur rund eine Stunde hat aber gereicht: auch Frankreich ist sch\u00f6n! Vielleicht sollte ich mir mal eine Stunde&#8230; oder auch zwei oder drei&#8230;mehr Zeit nehmen. Aber wegen Frankreich bin ich nicht hier. Und dann waren wir auf einmal schon in Luxemburg. Elisabeth hatte mich noch gewarnt das es ganz schnell geht. Und zack! Da waren wir. Nun sind wir kurz hinter der Grenze in Luxemburg. Susanne, die auch die Verena Weisse kennt ist hier f\u00fcr uns zust\u00e4ndig. Die hat uns gleich zum offiziellen Empfang nach Echternach gelotst. So mit B\u00fcrgermeister und Tourismus-Chef und so. Ich hatte noch nie so einen Empfang. Sch\u00f6n das die Leute Zeit hatten, ist doch morgen in Luxemburg Nationalfeiertag! Das haben die vom Best-of-Wandern wieder mal sch\u00f6n hingekriegt! Danach zum Abendessen in unser Hotel Gruber. Das Hotel Gruber hat einen Michellin-Stern! Michellin-Sterne gibt es f\u00fcr absolutes Top-Essen! Ein Michellin-Stern ist manchmal mehr wert als 4 Hotelsterne&#8230; Susanne hat uns schon mal das Begleitmaterial f\u00fcr die n\u00e4chsten zwei Tage ausgeh\u00e4ndigt. Die Bilder darin k\u00f6nnten fast aus der S\u00e4chsischen Schweiz sein.\u00a0Hier ist auch alles aus Sandstein. Sie meint ich solle mich bis morgen gedulden. Ich bin gespannt!<\/span><\/span><\/p>\n<p>\u00a0<\/p>\n<div id=\"attachment_217\" style=\"width: 440px\" class=\"wp-caption aligncenter\"><img loading=\"lazy\" decoding=\"async\" aria-describedby=\"caption-attachment-217\" class=\"size-full wp-image-217\" title=\"Anfahrt\" src=\"http:\/\/www.dhk-galerie.de\/wordpress\/wp-content\/uploads\/2009\/06\/Anfahrt.jpg\" alt=\"Anfahrt nach Echternach\" width=\"430\" height=\"280\" srcset=\"http:\/\/www.dhk-galerie.de\/wordpress\/wp-content\/uploads\/2009\/06\/Anfahrt.jpg 430w, http:\/\/www.dhk-galerie.de\/wordpress\/wp-content\/uploads\/2009\/06\/Anfahrt-300x195.jpg 300w\" sizes=\"auto, (max-width: 430px) 100vw, 430px\" \/><p id=\"caption-attachment-217\" class=\"wp-caption-text\">Anfahrt nach Echternach<\/p><\/div>\n<div class=\"mceTemp mceIEcenter\"><img loading=\"lazy\" decoding=\"async\" class=\"size-full wp-image-218\" title=\"Empfang in Echternach\" src=\"http:\/\/www.dhk-galerie.de\/wordpress\/wp-content\/uploads\/2009\/06\/Empfang-in-Echternach.jpg\" alt=\"Empfang in Echternach\" width=\"430\" height=\"308\" srcset=\"http:\/\/www.dhk-galerie.de\/wordpress\/wp-content\/uploads\/2009\/06\/Empfang-in-Echternach.jpg 430w, http:\/\/www.dhk-galerie.de\/wordpress\/wp-content\/uploads\/2009\/06\/Empfang-in-Echternach-300x214.jpg 300w\" sizes=\"auto, (max-width: 430px) 100vw, 430px\" \/><\/div>\n","protected":false},"excerpt":{"rendered":"<p>Montag, 22. Juni 2009 \u00a0 \u00a0 \u00a0 Heute war Transporttag angesagt: um 11:00 beendete ein Bustransfer unsere sch\u00f6ne Zeit in Baiersbronn, Anja lies es sich nicht nehmen nochmals pers\u00f6nlich vorbei zu schauen. Ich wu\u00dfte es&#8230; Durch W\u00e4lder und \u00fcber die H\u00f6hen des Schwarzwaldes schl\u00e4ngelte sich unsere Strasse, vorbei an den Vogeesen und \u00fcber den Hunsr\u00fcck. [&hellip;]<\/p>\n","protected":false},"author":2,"featured_media":0,"comment_status":"open","ping_status":"open","sticky":false,"template":"","format":"standard","meta":{"footnotes":""},"categories":[1],"tags":[],"class_list":["post-215","post","type-post","status-publish","format-standard","hentry","category-allgemein"],"_links":{"self":[{"href":"http:\/\/www.dhk-galerie.de\/wordpress\/wp-json\/wp\/v2\/posts\/215","targetHints":{"allow":["GET"]}}],"collection":[{"href":"http:\/\/www.dhk-galerie.de\/wordpress\/wp-json\/wp\/v2\/posts"}],"about":[{"href":"http:\/\/www.dhk-galerie.de\/wordpress\/wp-json\/wp\/v2\/types\/post"}],"author":[{"embeddable":true,"href":"http:\/\/www.dhk-galerie.de\/wordpress\/wp-json\/wp\/v2\/users\/2"}],"replies":[{"embeddable":true,"href":"http:\/\/www.dhk-galerie.de\/wordpress\/wp-json\/wp\/v2\/comments?post=215"}],"version-history":[{"count":6,"href":"http:\/\/www.dhk-galerie.de\/wordpress\/wp-json\/wp\/v2\/posts\/215\/revisions"}],"predecessor-version":[{"id":283,"href":"http:\/\/www.dhk-galerie.de\/wordpress\/wp-json\/wp\/v2\/posts\/215\/revisions\/283"}],"wp:attachment":[{"href":"http:\/\/www.dhk-galerie.de\/wordpress\/wp-json\/wp\/v2\/media?parent=215"}],"wp:term":[{"taxonomy":"category","embeddable":true,"href":"http:\/\/www.dhk-galerie.de\/wordpress\/wp-json\/wp\/v2\/categories?post=215"},{"taxonomy":"post_tag","embeddable":true,"href":"http:\/\/www.dhk-galerie.de\/wordpress\/wp-json\/wp\/v2\/tags?post=215"}],"curies":[{"name":"wp","href":"https:\/\/api.w.org\/{rel}","templated":true}]}}