{"id":236,"date":"2009-06-25T18:55:04","date_gmt":"2009-06-25T16:55:04","guid":{"rendered":"http:\/\/www.dhk-galerie.de\/wordpress\/?p=236"},"modified":"2009-06-25T18:55:04","modified_gmt":"2009-06-25T16:55:04","slug":"back-to-germany","status":"publish","type":"post","link":"http:\/\/www.dhk-galerie.de\/wordpress\/blog\/2009\/06\/25\/back-to-germany\/","title":{"rendered":"Back to Germany"},"content":{"rendered":"<p><span style=\"font-size: small;\"><strong><span style=\"text-decoration: underline;\">Donnerstag, 25. Juni 2009<\/span><\/strong><\/p>\n<p>Eben so schnell wie wir drin waren am Montag sind wir auch wieder drau\u00dfen! Aus der Luxemburgischen Schweiz, einem kleinen L\u00e4ndle ganz am Rande von Luxemburg mit sehr viel touristischem Potential! Eine Br\u00fccke \u00fcber den Grenzfluss Sauer bringt uns wieder auf deutschen Boden zur\u00fcck. Es ist noch nicht das Sauerland.<\/p>\n<p>Wir starten p\u00fcnktlich noch vor 11:00 Uhr nach einem kurzen Besuch im &#8222;Cactus&#8220;, keinem Blumenladen sondern einem Supermarkt, denn auch so gut &#8222;bemuddelde&#8220; (s\u00e4chsisch f\u00fcr gute Rundumbetreuung) Rallye-Wanderer wie wir brauchen mal was privates.<\/p>\n<p>Es geht z\u00fcgig voran und die Landschaft drau\u00dfen wechselt \u00f6fters das Gesicht. Sch\u00f6ne idyllische D\u00f6rfer liegen mitten in dunklen W\u00e4ldern und ich denke f\u00fcr mich: das k\u00f6nnten alles Kandidaten f\u00fcr Best-of-Wandern sein.<\/p>\n<p>Die Stimmung im Bus ist sehr gut, mit zunehmender Fahrtdauer h\u00e4ngt aber jeder mehr seinen Gedanken nach und verarbeitet die letzten Tage eher innerlich.<\/p>\n<p>Den besten Platz hat Ingeborg als Copilot. Sie ist einge&#8220;fleisch&#8220;te Vegetarierin und schnurrpst gerade an einer sch\u00f6nen gr\u00fcnen Gurke. Auch die M\u00fccken auf der Frontscheibe scheinen ihr nichts auszumachen.<\/p>\n<p>Hinter ihr sitzt Elisabeth, unsere Luxemburgerin und studiert eifrig die Bedienungsleitung ihrer Nikon um so wieder dem Siegerbild ein wenig n\u00e4her zu kommen.<\/p>\n<p>Es folgt Reinhard, der Probleme beim Sitzen hat und dem Wandern viel lieber ist als stundenlanges Busfahren.<\/p>\n<p>Was danach kommt ist nicht der Rede wert, es sind nur unsere Taschen und Koffer, die mit fortschreitender Tour immer f\u00fclliger werden. Irgendwo zwischendrin steht ein Pappkarton von mir, gef\u00fcllt mit allerlei Hochprozentigem aus Luxemburg. Der mu\u00df unbedingt heile zu Hause ankommen!<\/p>\n<p>Neben mir sitzt Ilka, meine s\u00e4chsische Wanderkollegin und sie hat vorsichtshalber eine Strassenkarte ausgepackt: man kann ja nie wissen!<\/p>\n<p>Weiter in Richtung Fahrer kommt Stefani aus Innsbruck. Stefanie ist sehr still. Stefani ist beim Busfahren immer sehr still. Sie ist gedopt&#8230; Sie vertr\u00e4gt das Busfahren schlechter als den Zahnarztbesuch und hat sich deshalb was eingeworfen, damit sie auch heute unser Abendbrot wieder richtig genie\u00dfen kann.<\/p>\n<p>Die letzten beiden sind Steffie und Michael, die machen nichts.<\/p>\n<p>Wir kommen gut vorran und fahren, begleitet von EMINEM und Cindy&amp;Bert gegen 16:00 Uhr in Winterberg ein. Ein Spontanapplaus f\u00fcr unseren Fahrer J\u00fcrgen gilt als Dankesch\u00f6n, das er uns so zuverl\u00e4ssig und sicher durch Eifel und Westerwald, \u00fcber Rhein und Rothaargebirge in`s Sauerland gebracht hat. J\u00fcrgen mu\u00df heute noch zur\u00fcck nach Luxemburg, ist aber am Sonntag wieder da um uns weiter zu fahren.<\/p>\n<p>Und wir machen uns auf zur Rezeption&#8230;<\/p>\n<p><\/span><\/p>\n","protected":false},"excerpt":{"rendered":"<p>Donnerstag, 25. Juni 2009 Eben so schnell wie wir drin waren am Montag sind wir auch wieder drau\u00dfen! Aus der Luxemburgischen Schweiz, einem kleinen L\u00e4ndle ganz am Rande von Luxemburg mit sehr viel touristischem Potential! Eine Br\u00fccke \u00fcber den Grenzfluss Sauer bringt uns wieder auf deutschen Boden zur\u00fcck. Es ist noch nicht das Sauerland. Wir [&hellip;]<\/p>\n","protected":false},"author":2,"featured_media":0,"comment_status":"open","ping_status":"open","sticky":false,"template":"","format":"standard","meta":{"footnotes":""},"categories":[1],"tags":[],"class_list":["post-236","post","type-post","status-publish","format-standard","hentry","category-allgemein"],"_links":{"self":[{"href":"http:\/\/www.dhk-galerie.de\/wordpress\/wp-json\/wp\/v2\/posts\/236","targetHints":{"allow":["GET"]}}],"collection":[{"href":"http:\/\/www.dhk-galerie.de\/wordpress\/wp-json\/wp\/v2\/posts"}],"about":[{"href":"http:\/\/www.dhk-galerie.de\/wordpress\/wp-json\/wp\/v2\/types\/post"}],"author":[{"embeddable":true,"href":"http:\/\/www.dhk-galerie.de\/wordpress\/wp-json\/wp\/v2\/users\/2"}],"replies":[{"embeddable":true,"href":"http:\/\/www.dhk-galerie.de\/wordpress\/wp-json\/wp\/v2\/comments?post=236"}],"version-history":[{"count":1,"href":"http:\/\/www.dhk-galerie.de\/wordpress\/wp-json\/wp\/v2\/posts\/236\/revisions"}],"predecessor-version":[{"id":237,"href":"http:\/\/www.dhk-galerie.de\/wordpress\/wp-json\/wp\/v2\/posts\/236\/revisions\/237"}],"wp:attachment":[{"href":"http:\/\/www.dhk-galerie.de\/wordpress\/wp-json\/wp\/v2\/media?parent=236"}],"wp:term":[{"taxonomy":"category","embeddable":true,"href":"http:\/\/www.dhk-galerie.de\/wordpress\/wp-json\/wp\/v2\/categories?post=236"},{"taxonomy":"post_tag","embeddable":true,"href":"http:\/\/www.dhk-galerie.de\/wordpress\/wp-json\/wp\/v2\/tags?post=236"}],"curies":[{"name":"wp","href":"https:\/\/api.w.org\/{rel}","templated":true}]}}