{"id":284,"date":"2009-06-26T23:49:13","date_gmt":"2009-06-26T21:49:13","guid":{"rendered":"http:\/\/www.dhk-galerie.de\/wordpress\/?p=284"},"modified":"2009-06-27T18:55:17","modified_gmt":"2009-06-27T16:55:17","slug":"hasten-auf-den-asten","status":"publish","type":"post","link":"http:\/\/www.dhk-galerie.de\/wordpress\/blog\/2009\/06\/26\/hasten-auf-den-asten\/","title":{"rendered":"Hasten auf den &#8222;Asten&#8220;?"},"content":{"rendered":"<div><span style=\"font-size: small;\"><strong><span style=\"text-decoration: underline;\">Freitag, 26. Juni 2009, tagesende<\/span><\/strong><\/span><\/div>\n<div><span style=\"font-size: small;\">\u00a0<\/span><\/div>\n<div><span style=\"font-size: small;\">\u00a0<\/span><span style=\"font-size: small;\">Um 8:45 Uhr ist f\u00fcr heut morgen unser Start in das Sauerland angesetzt, alle sind p\u00fcnktlich, und diesmal etwas regenfester ausger\u00fcstet. Unser Wanderf\u00fchrer stellt sich kurz und knapp als Kalle vor und ich schnappe den dezenten Hinweis auf das nur jeder soviel unterwegs trinken kann wie er selber im Rucksack hat. Ich eile zusammen mit Stefanie noch schnell in den hier ans\u00e4ssigen kleinen Shop und hole ein gro\u00dfe Flasche Wasser. Inzwischen ist unser Taxi eingetroffen und ich komme \u00fcber das Nummernschild zum ersten Mal mit unserem Wanderf\u00fchrer ins Gespr\u00e4ch. Die Buchstaben &#8222;HSK&#8220; bedeuten <span style=\"text-decoration: underline;\">H<\/span>och<span style=\"text-decoration: underline;\">S<\/span>auerland<span style=\"text-decoration: underline;\">K<\/span>reis. Oder auch <span style=\"text-decoration: underline;\">H<\/span>ilfe<span style=\"text-decoration: underline;\">S<\/span>ie<span style=\"text-decoration: underline;\">K<\/span>ommen. Diese zweite Bezeichnung, die ich gerade noch so aufschnappe, speicher ich erstmal nur ab, ohne zu wissen, das diese mich den ganzen Tag besch\u00e4ftigen wird.<\/span><img loading=\"lazy\" decoding=\"async\" class=\"aligncenter size-full wp-image-290\" title=\"05_Z\u00fcchen\" src=\"http:\/\/www.dhk-galerie.de\/wordpress\/wp-content\/uploads\/2009\/06\/05_Z\u00fcchen.jpg\" alt=\"05_Z\u00fcchen\" width=\"430\" height=\"256\" srcset=\"http:\/\/www.dhk-galerie.de\/wordpress\/wp-content\/uploads\/2009\/06\/05_Z\u00fcchen.jpg 430w, http:\/\/www.dhk-galerie.de\/wordpress\/wp-content\/uploads\/2009\/06\/05_Z\u00fcchen-300x178.jpg 300w\" sizes=\"auto, (max-width: 430px) 100vw, 430px\" \/><\/div>\n<p><img loading=\"lazy\" decoding=\"async\" class=\"aligncenter size-full wp-image-286\" title=\"01_Wanderzeichen\" src=\"http:\/\/www.dhk-galerie.de\/wordpress\/wp-content\/uploads\/2009\/06\/01_Wanderzeichen.jpg\" alt=\"01_Wanderzeichen\" width=\"430\" height=\"290\" srcset=\"http:\/\/www.dhk-galerie.de\/wordpress\/wp-content\/uploads\/2009\/06\/01_Wanderzeichen.jpg 430w, http:\/\/www.dhk-galerie.de\/wordpress\/wp-content\/uploads\/2009\/06\/01_Wanderzeichen-300x202.jpg 300w\" sizes=\"auto, (max-width: 430px) 100vw, 430px\" \/><\/p>\n<p>Eine kurze Fahrt bringt uns nach unten ins Tal in das kleine Dorf Z\u00fcschen (480m), unsrem Startort f\u00fcr die heutige Tageswanderung auf den &#8222;Kahlen Asten&#8220;, mit 841m der zweith\u00f6chste Berg hier im Sauerland. Es wird kein &#8222;Hasten&#8220; werden wie ich es in meiner \u00dcberschrift angek\u00fcndigt habe, aber es reimt sich so gut und ich lasse es so stehen. Auf dem Prozessionsweg geht es ab jetzt stetig bergan, mal mehr mal weniger, ab und zu unterbrochen durch einen Hinweis von Kalle. Unsere M\u00e4dels sind heute besonders gut drauf, sie scherzen und lachen, das es eine Freude ist. Klar doch: Stefanie die unsere Busfahrt gestern &#8222;verschlafen&#8220; hat, hat viel nachzuholen und findet in Ingeborg tatkr\u00e4ftige Unterst\u00fctzung. Die Gruppe zieht sich weit auseinander, unser Reinhard, seit dem M\u00fcllerthal in Luxemburg liebevoll als &#8222;gelber Punkt&#8220; getauft weil er immer so ein gelbes M\u00fctzchen aufgesetzt hat, f\u00fchrt an, ich folge ihm durch meterhohe Brennesseln, weiter hinten h\u00f6re ich die anderen und irgendwo dazwischen ist Kalle.<\/p>\n<p><img loading=\"lazy\" decoding=\"async\" class=\"aligncenter size-full wp-image-288\" title=\"03_gelber Punkt\" src=\"http:\/\/www.dhk-galerie.de\/wordpress\/wp-content\/uploads\/2009\/06\/03_gelber-Punkt.jpg\" alt=\"03_gelber Punkt\" width=\"430\" height=\"290\" srcset=\"http:\/\/www.dhk-galerie.de\/wordpress\/wp-content\/uploads\/2009\/06\/03_gelber-Punkt.jpg 430w, http:\/\/www.dhk-galerie.de\/wordpress\/wp-content\/uploads\/2009\/06\/03_gelber-Punkt-300x202.jpg 300w\" sizes=\"auto, (max-width: 430px) 100vw, 430px\" \/><\/p>\n<p><img loading=\"lazy\" decoding=\"async\" class=\"aligncenter size-full wp-image-287\" title=\"02_Fingerhut\" src=\"http:\/\/www.dhk-galerie.de\/wordpress\/wp-content\/uploads\/2009\/06\/02_Fingerhut.jpg\" alt=\"02_Fingerhut\" width=\"430\" height=\"302\" srcset=\"http:\/\/www.dhk-galerie.de\/wordpress\/wp-content\/uploads\/2009\/06\/02_Fingerhut.jpg 430w, http:\/\/www.dhk-galerie.de\/wordpress\/wp-content\/uploads\/2009\/06\/02_Fingerhut-300x210.jpg 300w\" sizes=\"auto, (max-width: 430px) 100vw, 430px\" \/><\/p>\n<p>Wissen ist Macht! Und so beschlie\u00dfe ich mir die n\u00f6tigen Hinweise f\u00fcr die heutige Tour noch vor den anderen direkt von Kalle zu holen. Kalle antwortet kurz und knapp auf meine Fragen, stichwortartig notiere ich alles. Aber selbst meine sonst so lockere Art schafft es nicht ein angenehmes Gespr\u00e4ch aufzubauen und so bleibe ich lieber beim k\u00fchlen &#8222;Sie&#8220; und denke dabei an die zweite Bezeichnung auf dem Nummernschild. Was ich erfahre ist trotzdem sehr interessant, ich bereite es f\u00fcr euch mal kurz auf: Winterberg wird im 13.Jh erw\u00e4hnt als Weidenberg. Und es waren diesmal keine R\u00f6mer hier, sonder unsere Vorfaren haben alles selber in die Hand genommen, ein ostgermanischer Stamm unter &#8222;Sugamberer&#8220; (Lautschrift). F\u00fcr Winterberg liegt die Saison im Winter, diesen Winter gab es 120 Schneetage&#8230;und massenhaft Holl\u00e4nder. Jetzt verstehe ich auch die Bezeichnung das der &#8222;Kahle Asten&#8220; Hollands h\u00f6chster Berg ist, weil die Holl\u00e4nder es nicht bis weiter s\u00fcdlich schaffen.<\/p>\n<p><img loading=\"lazy\" decoding=\"async\" class=\"aligncenter size-full wp-image-291\" title=\"06_Kyrill\" src=\"http:\/\/www.dhk-galerie.de\/wordpress\/wp-content\/uploads\/2009\/06\/06_Kyrill.jpg\" alt=\"06_Kyrill\" width=\"430\" height=\"279\" srcset=\"http:\/\/www.dhk-galerie.de\/wordpress\/wp-content\/uploads\/2009\/06\/06_Kyrill.jpg 430w, http:\/\/www.dhk-galerie.de\/wordpress\/wp-content\/uploads\/2009\/06\/06_Kyrill-300x194.jpg 300w\" sizes=\"auto, (max-width: 430px) 100vw, 430px\" \/><\/p>\n<p><img loading=\"lazy\" decoding=\"async\" class=\"aligncenter size-full wp-image-292\" title=\"07_Margariten\" src=\"http:\/\/www.dhk-galerie.de\/wordpress\/wp-content\/uploads\/2009\/06\/07_Margariten.jpg\" alt=\"07_Margariten\" width=\"430\" height=\"282\" srcset=\"http:\/\/www.dhk-galerie.de\/wordpress\/wp-content\/uploads\/2009\/06\/07_Margariten.jpg 430w, http:\/\/www.dhk-galerie.de\/wordpress\/wp-content\/uploads\/2009\/06\/07_Margariten-300x196.jpg 300w\" sizes=\"auto, (max-width: 430px) 100vw, 430px\" \/><\/p>\n<p>Wir kommen vorbei an vielen kahlen und &#8222;abgeholzten&#8220; Stellen, f\u00fcr die Abholzung ist diesmal &#8222;Kyrill&#8220; Schuld, auch so ein mieser Typ wie der &#8222;Lothar&#8220; im Schwarzwald. &#8222;Kyrill&#8220; fegte hier im Januar 2007 \u00fcber das Gel\u00e4nde und hat sich daf\u00fcr zwei Tage Zeit gelassen. Es entstand ein Schaden von 5 Mrd. \u20ac und 190.000fm. 200 Z\u00fcge transportierten das Holz aus Winterberg auf den freien Markt. Auch hier gab es zum Gl\u00fcck keinen Mensch- oder Tierschaden und ebenso eine osteurop\u00e4ische Unterst\u00fczung bei den Aufr\u00e4umungsarbeiten. Jetzt ist der Wald wieder am Gedeien, das ist auch notwendig, kommt doch jeder dritte Weihnachtsbaum in Deutschland aus dem Sauerland. Hier ist die Aufbereitung f\u00fcr euch erst mal am Ende.<\/p>\n<p><img loading=\"lazy\" decoding=\"async\" class=\"aligncenter size-full wp-image-289\" title=\"04_Wanderzeichen\" src=\"http:\/\/www.dhk-galerie.de\/wordpress\/wp-content\/uploads\/2009\/06\/04_Wanderzeichen.jpg\" alt=\"04_Wanderzeichen\" width=\"430\" height=\"274\" srcset=\"http:\/\/www.dhk-galerie.de\/wordpress\/wp-content\/uploads\/2009\/06\/04_Wanderzeichen.jpg 430w, http:\/\/www.dhk-galerie.de\/wordpress\/wp-content\/uploads\/2009\/06\/04_Wanderzeichen-300x191.jpg 300w\" sizes=\"auto, (max-width: 430px) 100vw, 430px\" \/><\/p>\n<p><img loading=\"lazy\" decoding=\"async\" class=\"aligncenter size-full wp-image-294\" title=\"09_Wiesenblume\" src=\"http:\/\/www.dhk-galerie.de\/wordpress\/wp-content\/uploads\/2009\/06\/09_Wiesenblume.jpg\" alt=\"09_Wiesenblume\" width=\"430\" height=\"260\" srcset=\"http:\/\/www.dhk-galerie.de\/wordpress\/wp-content\/uploads\/2009\/06\/09_Wiesenblume.jpg 430w, http:\/\/www.dhk-galerie.de\/wordpress\/wp-content\/uploads\/2009\/06\/09_Wiesenblume-300x181.jpg 300w\" sizes=\"auto, (max-width: 430px) 100vw, 430px\" \/><\/p>\n<p>Ich verarbeite schon mal gedanklich unser Gespr\u00e4ch, bringe es im Kopf in eine lesbare Form und gelange so mit den anderen nach Mollseifen (620m),einem kleinen h\u00fcbschen Ortsteil von Winterberg. Hier ist 13:00 das Mittagessen angesetzt, wir sind p\u00fcnktlich und ich entscheide mich f\u00fcr die Empfehlung von Kalle: die Forelle w\u00e4re hier gut. &#8222;Gut&#8220; ist aber relativ und so stellt mein &#8222;Fisch&#8220; mit viel zu viel &#8222;R\u00f6staromen&#8220; den kulinarischen Tiefpunkt unserer Wanderung dar. Ein &#8222;Willi&#8220; soll das aber wieder gerade richten. Nach dem Essen brechen wir zu unserem letzten Abschnitt auf, dem Anstieg auf den &#8222;Kahlen Asten&#8220;.<\/p>\n<p><img loading=\"lazy\" decoding=\"async\" class=\"aligncenter size-full wp-image-293\" title=\"08_Kahler Asten\" src=\"http:\/\/www.dhk-galerie.de\/wordpress\/wp-content\/uploads\/2009\/06\/08_Kahler-Asten.jpg\" alt=\"08_Kahler Asten\" width=\"430\" height=\"322\" srcset=\"http:\/\/www.dhk-galerie.de\/wordpress\/wp-content\/uploads\/2009\/06\/08_Kahler-Asten.jpg 430w, http:\/\/www.dhk-galerie.de\/wordpress\/wp-content\/uploads\/2009\/06\/08_Kahler-Asten-300x224.jpg 300w\" sizes=\"auto, (max-width: 430px) 100vw, 430px\" \/><\/p>\n<p><img loading=\"lazy\" decoding=\"async\" class=\"aligncenter size-full wp-image-295\" title=\"10_Aussicht\" src=\"http:\/\/www.dhk-galerie.de\/wordpress\/wp-content\/uploads\/2009\/06\/10_Aussicht.jpg\" alt=\"10_Aussicht\" width=\"430\" height=\"276\" srcset=\"http:\/\/www.dhk-galerie.de\/wordpress\/wp-content\/uploads\/2009\/06\/10_Aussicht.jpg 430w, http:\/\/www.dhk-galerie.de\/wordpress\/wp-content\/uploads\/2009\/06\/10_Aussicht-300x192.jpg 300w\" sizes=\"auto, (max-width: 430px) 100vw, 430px\" \/><\/p>\n<p>Der &#8222;Kahle Asten&#8220; ist mit 841m der zweith\u00f6chste Berg hier im Sauerland und 1880-1890 begehbar gemacht worden, 1925 kam eine Bewirtschaftung dazu und vor zwei Jahren 36 Betten f\u00fcr die Rothaarsteig-Wanderer. Der hat seinen Namen \u00fcbrigens von den vielen roten Buchen.<\/p>\n<p>W\u00e4hrend die H\u00e4lfte unserer Gruppe den Aussichtsturm besteigt bestellt Kalle unser Taxi und wir brausen geg. 16:00 Uhr zu unserem letzten Event: ein Besuch im hiesigen Klettergarten oder der Panorama-Br\u00fccke. Ich lasse die &#8222;Luschis&#8220; auf die Br\u00fccke ziehen und beschlie\u00dfe zusammen mit Stefanie, Steffie und Elisabeth, mir den letzten Kick zu holen. Steffie gestaltet ab und an mal verschieden Outdoor-Camps und so ist es f\u00fcr mich kein Wunder das sie alle 4 Routen pravour\u00f6s absolviert! Klasse Leistung. Ich bleibe nach der zweiten Route lieber unten und bereite mich schon mal gedanklich auf unseren Heimweg vor, denn Taxi gibt es diesmal keines. &#8222;Tsch\u00fcss! Bis morgen!&#8220; waren die letzten Worte von Kalle f\u00fcr heute&#8230;<\/p>\n<p>Zum Schluss nur noch so viel: wir vier erreichten 19:10 Uhr unsere &#8222;Aktien-Hotel-Anlage&#8220;, aber mit sch\u00f6nem EDEKA-Rotwein im Gep\u00e4ck. Zum Besuch der gigantischen Wellnessanlage blieb keine Zeit mehr da wir uns 19:30 Uhr zum Abendbrot selber treffen wollten. Der Abend war sehr lustig, wir hatten alle m\u00e4chtig Spass! Eigentlich wie die ganze Zeit seit dem Bahnhof in Baiersbronn. Wenn man sich versteht braucht man nicht viel Zeit um zueinander zu finden! Und das ist ja wohl das wichtigste! Morgen ist noch eine Wanderung angesetzt! Ich beschlie\u00dfe noch vor Kalle an das Wasser zu denken. Und &#8222;Hilfe sie kommen&#8220; f\u00e4llt mir wieder ein&#8230;wer ist blo\u00df mit &#8222;sie&#8220; gemeint&#8230;<\/p>\n<p>Bis morgen dann<\/p>\n","protected":false},"excerpt":{"rendered":"<p>Freitag, 26. Juni 2009, tagesende \u00a0 \u00a0Um 8:45 Uhr ist f\u00fcr heut morgen unser Start in das Sauerland angesetzt, alle sind p\u00fcnktlich, und diesmal etwas regenfester ausger\u00fcstet. Unser Wanderf\u00fchrer stellt sich kurz und knapp als Kalle vor und ich schnappe den dezenten Hinweis auf das nur jeder soviel unterwegs trinken kann wie er selber im [&hellip;]<\/p>\n","protected":false},"author":2,"featured_media":0,"comment_status":"open","ping_status":"open","sticky":false,"template":"","format":"standard","meta":{"footnotes":""},"categories":[1],"tags":[],"class_list":["post-284","post","type-post","status-publish","format-standard","hentry","category-allgemein"],"_links":{"self":[{"href":"http:\/\/www.dhk-galerie.de\/wordpress\/wp-json\/wp\/v2\/posts\/284","targetHints":{"allow":["GET"]}}],"collection":[{"href":"http:\/\/www.dhk-galerie.de\/wordpress\/wp-json\/wp\/v2\/posts"}],"about":[{"href":"http:\/\/www.dhk-galerie.de\/wordpress\/wp-json\/wp\/v2\/types\/post"}],"author":[{"embeddable":true,"href":"http:\/\/www.dhk-galerie.de\/wordpress\/wp-json\/wp\/v2\/users\/2"}],"replies":[{"embeddable":true,"href":"http:\/\/www.dhk-galerie.de\/wordpress\/wp-json\/wp\/v2\/comments?post=284"}],"version-history":[{"count":5,"href":"http:\/\/www.dhk-galerie.de\/wordpress\/wp-json\/wp\/v2\/posts\/284\/revisions"}],"predecessor-version":[{"id":299,"href":"http:\/\/www.dhk-galerie.de\/wordpress\/wp-json\/wp\/v2\/posts\/284\/revisions\/299"}],"wp:attachment":[{"href":"http:\/\/www.dhk-galerie.de\/wordpress\/wp-json\/wp\/v2\/media?parent=284"}],"wp:term":[{"taxonomy":"category","embeddable":true,"href":"http:\/\/www.dhk-galerie.de\/wordpress\/wp-json\/wp\/v2\/categories?post=284"},{"taxonomy":"post_tag","embeddable":true,"href":"http:\/\/www.dhk-galerie.de\/wordpress\/wp-json\/wp\/v2\/tags?post=284"}],"curies":[{"name":"wp","href":"https:\/\/api.w.org\/{rel}","templated":true}]}}