{"id":302,"date":"2009-06-27T22:27:07","date_gmt":"2009-06-27T20:27:07","guid":{"rendered":"http:\/\/www.dhk-galerie.de\/wordpress\/?p=302"},"modified":"2009-06-28T07:44:29","modified_gmt":"2009-06-28T05:44:29","slug":"302","status":"publish","type":"post","link":"http:\/\/www.dhk-galerie.de\/wordpress\/blog\/2009\/06\/27\/302\/","title":{"rendered":"ein kleines St\u00fcck Rothaarsteig"},"content":{"rendered":"<div><span style=\"font-size: small;\"><strong><span style=\"text-decoration: underline;\">Samstag,27. Juni 2009, Halbzeit<\/span><\/strong><\/span><\/div>\n<div><span style=\"font-size: small;\">\u00a0<\/span>\u00a0<\/div>\n<div><span style=\"font-size: small;\">Heute ist schon die H\u00e4lfte unserer gemeinsamen Wanderzeit vorbei. Immer wenn im Urlaub Halbzeit ist geht die zweite H\u00e4lfte schneller um als die erste. Das ist nat\u00fcrlich Quatsch, denn die Halbzeit ist ja genau die Mitte in der Zeit. Trotzdem ist das so, auch in \u00d6sterreich und Luxemburg. Halbzeit ist doof.<\/span><span style=\"font-size: small;\">\u00a0<\/span><\/div>\n<p>Laut Programm hei\u00dft unsere Tour heute &#8222;Der h\u00f6chste Berg Westfalens&#8220; und soll 17km lang sein. Nach kurzen Gedenken ob der o.g. Halbzeit steigen wir mit Kalle wieder in unser Taxi und fahren in unseren Startort Niedersfeld (500m). Es ist ein schickes kleines Dorf genau wie gestern. Die H\u00e4user hier haben alle viel Schiefer am Haus, ist so \u00e4hnlich wie im Vogtland und Erzgebirge. In Ersteres wollen wir ja morgen aufbrechen.<\/p>\n<p>Auf breiten Wegen geht es kr\u00e4ftig nach oben, laut Kalle waren hier erst die Mountenbiker unterwegs. Kinderwagen h\u00e4tten auch noch Platz, schieben m\u00f6chte ich den aber nicht. Ansonsten ist es wie gestern: die M\u00e4dels kommunizieren wieder h\u00e4ftig miteinander und ein Juchzer ab und zu zeigt uns wo das Ende der Gruppe ist. Ein wunderbares Klima in der Gruppe.<\/p>\n<p>Das Klima im Wald ist da ein ganz anderes, eine Feuchte wie im Tropenwald (in dem ich noch garnicht war) l\u00e4\u00dft jeden von uns im eigenen Saft schmoren. Auch Kalle. Das beruhigt mich. \u00dcberhaupt sch\u00fcttet uns Kalle heute mit Informationen zu ohne gefragt worden zu sein. So gelangen wir auf den Rothaarsteig und auf diesem zielstrebig zu unserem Tagesziel, dem Clemensberg (838m). Und hier passiert es: Kalle &#8222;l\u00e4\u00dft die Sau&#8220; raus! In Form eines Bayrischen B\u00e4rwurz macht ein Flachmann die Runde und wir genie\u00dfen unser Gipfelgl\u00fcck mit einem weiten Blick in die Landschaft bis zu den dunklen Wolken am Horizont.<\/p>\n<p>Weiter auf der H\u00f6he gelangen wir zur Hoch-Heide und &#8222;Neuer Hagen&#8220;, der h\u00f6chsten Hochheide Deutschlands. Gelockert von der &#8222;Sau&#8220; auf dem Clemensberg frage ich Kalle direkt, wie er denn die Sauerl\u00e4nder so sieht. Ein &#8222;Zur\u00fcckhaltend&#8220; von ihm muss reichen. Ingeborg erg\u00e4nzt das sp\u00e4ter um ein &#8222;sehr&#8220; und f\u00fcgt noch ein &#8222;ruppig&#8220; und &#8222;wenig zug\u00e4nglich&#8220; hinzu. Ich denke sie kann das gut einsch\u00e4tzen, ist sie doch geografisch gesehen den Sauerl\u00e4ndern eher zugetan als z.B. den Sachsen. Ich wende mich jetzt der Hochheide zu. Es muss ein tolles Bild sein wenn diese riesige braungr\u00fcne Fl\u00e4che in K\u00fcrze rosarot \u00fcberl\u00e4uft. Ende Juli ist es soweit. Just in diesem Augenblick beginnt es zu tr\u00f6pfeln.<\/p>\n<p>Das Ende unserer Tour ist schnell erz\u00e4hlt: im Heide-Hotel gibts Mittag und Radeberger Bier. Wir beschlie\u00dfen in demokratischer Abstimmung auf den Besuch einer weiteren M\u00fchle zu verzichten. Einen Robi wie im M\u00fcllerthal wird es hier bei dieser Mentalit\u00e4t der Sauerl\u00e4nder sowieso nicht geben und so fahren wir lieber gleich mit dem Taxi ins Hotel um noch was vom Nachmittag zu haben. Nach ausgiebigen ruhen, welln\u00e4ssen, saunieren, bloggen treffen wir uns zum Abendbrot was nicht ganz so spektakul\u00e4r wie gestern verl\u00e4uft. Jeder hat sich wohl schon innerlich auf die morgige Abreise eingestellt und hofft das die Vogtl\u00e4nder ein andere Schlag sind. Die Exklusivit\u00e4t eines Wellness-Tempels oder &#8222;k\u00f6niglicher Zimmer&#8220; ersetzt eben nicht die Herzlichkeit und Menschlichkeit einer individuellen Betreung! Ich bin gespannt ob ich mich von der W-Susanne pers\u00f6nlich verabschieden kann&#8230;\u00a0<\/p>\n<div id=\"attachment_304\" style=\"width: 440px\" class=\"wp-caption aligncenter\"><img loading=\"lazy\" decoding=\"async\" aria-describedby=\"caption-attachment-304\" class=\"size-full wp-image-304 \" title=\"01_Rothaarsteig\" src=\"http:\/\/www.dhk-galerie.de\/wordpress\/wp-content\/uploads\/2009\/06\/01_Rothaarsteig.jpg\" alt=\"der Rothaarsteig\" width=\"430\" height=\"273\" srcset=\"http:\/\/www.dhk-galerie.de\/wordpress\/wp-content\/uploads\/2009\/06\/01_Rothaarsteig.jpg 430w, http:\/\/www.dhk-galerie.de\/wordpress\/wp-content\/uploads\/2009\/06\/01_Rothaarsteig-300x190.jpg 300w\" sizes=\"auto, (max-width: 430px) 100vw, 430px\" \/><p id=\"caption-attachment-304\" class=\"wp-caption-text\">der Rothaarsteig<\/p><\/div>\n<p>\u00a0<\/p>\n<div id=\"attachment_305\" style=\"width: 440px\" class=\"wp-caption aligncenter\"><img loading=\"lazy\" decoding=\"async\" aria-describedby=\"caption-attachment-305\" class=\"size-full wp-image-305\" title=\"02_kleiner Baum\" src=\"http:\/\/www.dhk-galerie.de\/wordpress\/wp-content\/uploads\/2009\/06\/02_kleiner-Baum.jpg\" alt=\"am Wegesrand\" width=\"430\" height=\"273\" srcset=\"http:\/\/www.dhk-galerie.de\/wordpress\/wp-content\/uploads\/2009\/06\/02_kleiner-Baum.jpg 430w, http:\/\/www.dhk-galerie.de\/wordpress\/wp-content\/uploads\/2009\/06\/02_kleiner-Baum-300x190.jpg 300w\" sizes=\"auto, (max-width: 430px) 100vw, 430px\" \/><p id=\"caption-attachment-305\" class=\"wp-caption-text\">am Wegesrand<\/p><\/div>\n<p>\u00a0<\/p>\n<div id=\"attachment_306\" style=\"width: 440px\" class=\"wp-caption aligncenter\"><img loading=\"lazy\" decoding=\"async\" aria-describedby=\"caption-attachment-306\" class=\"size-full wp-image-306\" title=\"03_schild\" src=\"http:\/\/www.dhk-galerie.de\/wordpress\/wp-content\/uploads\/2009\/06\/03_schild.jpg\" alt=\"zu viele Informationen\" width=\"430\" height=\"297\" srcset=\"http:\/\/www.dhk-galerie.de\/wordpress\/wp-content\/uploads\/2009\/06\/03_schild.jpg 430w, http:\/\/www.dhk-galerie.de\/wordpress\/wp-content\/uploads\/2009\/06\/03_schild-300x207.jpg 300w\" sizes=\"auto, (max-width: 430px) 100vw, 430px\" \/><p id=\"caption-attachment-306\" class=\"wp-caption-text\">zu viele Informationen<\/p><\/div>\n<div id=\"attachment_307\" style=\"width: 440px\" class=\"wp-caption aligncenter\"><img loading=\"lazy\" decoding=\"async\" aria-describedby=\"caption-attachment-307\" class=\"size-full wp-image-307\" title=\"04_vergi\u00dfmeinicht\" src=\"http:\/\/www.dhk-galerie.de\/wordpress\/wp-content\/uploads\/2009\/06\/04_vergi\u00dfmeinicht.jpg\" alt=\"nochmal am Wegesrand\" width=\"430\" height=\"267\" srcset=\"http:\/\/www.dhk-galerie.de\/wordpress\/wp-content\/uploads\/2009\/06\/04_vergi\u00dfmeinicht.jpg 430w, http:\/\/www.dhk-galerie.de\/wordpress\/wp-content\/uploads\/2009\/06\/04_vergi\u00dfmeinicht-300x186.jpg 300w\" sizes=\"auto, (max-width: 430px) 100vw, 430px\" \/><p id=\"caption-attachment-307\" class=\"wp-caption-text\">nochmal am Wegesrand<\/p><\/div>\n<div id=\"attachment_308\" style=\"width: 440px\" class=\"wp-caption aligncenter\"><img loading=\"lazy\" decoding=\"async\" aria-describedby=\"caption-attachment-308\" class=\"size-full wp-image-308\" title=\"05_sternenhotel\" src=\"http:\/\/www.dhk-galerie.de\/wordpress\/wp-content\/uploads\/2009\/06\/05_sternenhotel.jpg\" alt=\"Sammelsurium\" width=\"430\" height=\"206\" srcset=\"http:\/\/www.dhk-galerie.de\/wordpress\/wp-content\/uploads\/2009\/06\/05_sternenhotel.jpg 430w, http:\/\/www.dhk-galerie.de\/wordpress\/wp-content\/uploads\/2009\/06\/05_sternenhotel-300x143.jpg 300w\" sizes=\"auto, (max-width: 430px) 100vw, 430px\" \/><p id=\"caption-attachment-308\" class=\"wp-caption-text\">Sammelsurium<\/p><\/div>\n<div id=\"attachment_309\" style=\"width: 440px\" class=\"wp-caption aligncenter\"><img loading=\"lazy\" decoding=\"async\" aria-describedby=\"caption-attachment-309\" class=\"size-full wp-image-309\" title=\"06_anlage\" src=\"http:\/\/www.dhk-galerie.de\/wordpress\/wp-content\/uploads\/2009\/06\/06_anlage.jpg\" alt=\"die Teilhaber der Aktien-Anlage\" width=\"430\" height=\"255\" srcset=\"http:\/\/www.dhk-galerie.de\/wordpress\/wp-content\/uploads\/2009\/06\/06_anlage.jpg 430w, http:\/\/www.dhk-galerie.de\/wordpress\/wp-content\/uploads\/2009\/06\/06_anlage-300x177.jpg 300w\" sizes=\"auto, (max-width: 430px) 100vw, 430px\" \/><p id=\"caption-attachment-309\" class=\"wp-caption-text\">die Teilhaber der Aktien-Anlage<\/p><\/div>\n","protected":false},"excerpt":{"rendered":"<p>Samstag,27. Juni 2009, Halbzeit \u00a0\u00a0 Heute ist schon die H\u00e4lfte unserer gemeinsamen Wanderzeit vorbei. Immer wenn im Urlaub Halbzeit ist geht die zweite H\u00e4lfte schneller um als die erste. Das ist nat\u00fcrlich Quatsch, denn die Halbzeit ist ja genau die Mitte in der Zeit. Trotzdem ist das so, auch in \u00d6sterreich und Luxemburg. Halbzeit ist [&hellip;]<\/p>\n","protected":false},"author":2,"featured_media":0,"comment_status":"open","ping_status":"open","sticky":false,"template":"","format":"standard","meta":{"footnotes":""},"categories":[1],"tags":[],"class_list":["post-302","post","type-post","status-publish","format-standard","hentry","category-allgemein"],"_links":{"self":[{"href":"http:\/\/www.dhk-galerie.de\/wordpress\/wp-json\/wp\/v2\/posts\/302","targetHints":{"allow":["GET"]}}],"collection":[{"href":"http:\/\/www.dhk-galerie.de\/wordpress\/wp-json\/wp\/v2\/posts"}],"about":[{"href":"http:\/\/www.dhk-galerie.de\/wordpress\/wp-json\/wp\/v2\/types\/post"}],"author":[{"embeddable":true,"href":"http:\/\/www.dhk-galerie.de\/wordpress\/wp-json\/wp\/v2\/users\/2"}],"replies":[{"embeddable":true,"href":"http:\/\/www.dhk-galerie.de\/wordpress\/wp-json\/wp\/v2\/comments?post=302"}],"version-history":[{"count":6,"href":"http:\/\/www.dhk-galerie.de\/wordpress\/wp-json\/wp\/v2\/posts\/302\/revisions"}],"predecessor-version":[{"id":310,"href":"http:\/\/www.dhk-galerie.de\/wordpress\/wp-json\/wp\/v2\/posts\/302\/revisions\/310"}],"wp:attachment":[{"href":"http:\/\/www.dhk-galerie.de\/wordpress\/wp-json\/wp\/v2\/media?parent=302"}],"wp:term":[{"taxonomy":"category","embeddable":true,"href":"http:\/\/www.dhk-galerie.de\/wordpress\/wp-json\/wp\/v2\/categories?post=302"},{"taxonomy":"post_tag","embeddable":true,"href":"http:\/\/www.dhk-galerie.de\/wordpress\/wp-json\/wp\/v2\/tags?post=302"}],"curies":[{"name":"wp","href":"https:\/\/api.w.org\/{rel}","templated":true}]}}