{"id":332,"date":"2009-06-29T23:21:45","date_gmt":"2009-06-29T21:21:45","guid":{"rendered":"http:\/\/www.dhk-galerie.de\/wordpress\/?p=332"},"modified":"2009-06-29T23:21:45","modified_gmt":"2009-06-29T21:21:45","slug":"kling-klang-klong","status":"publish","type":"post","link":"http:\/\/www.dhk-galerie.de\/wordpress\/blog\/2009\/06\/29\/kling-klang-klong\/","title":{"rendered":"Kling Klang Klong"},"content":{"rendered":"<p><span style=\"font-size: small;\"><strong><span style=\"text-decoration: underline;\">Montag, 29. Juni 2009, &#8230;oder endlich wieder Internet!<\/span><\/strong><\/p>\n<p>Wer in der klingenden Ferienregion &#8222;Klingenthal-M\u00fchlleiten&#8220; unterwegs ist wird zweifellos irgendwann mit Musik in Verbindung kommen! Bei uns war es das erste Mal zum Mittagessen im Hotel &#8222;Ferienregion M\u00fchlleiten&#8220; soweit. Altdeutscher Schlager von der CD, passt eher zu Sauerbraten oder Roulladen mit Kl\u00f6\u00dfen. Dabei wird in der Klingenthaler Region (ist doch treffend oder?) schon seit 800 Jahren musiziert, allerdings nicht auf CD! Es waren b\u00f6hmische Aussiedler und Bergarbeiter die anstatt unter Tage zu h\u00e4mmern lieber bei Lichte musizieren wollten. So richtig los gings dann vor 100 Jahren, als ein gewisser Herr Klein hier ganz Gro\u00df raus kam: er brachte aus Frankfurt\/M. ein Modell der Mundharmonika mit, ersetzte den &#8222;Mund&#8220; durch einen Blasebalg und fertig war die Harmonika! Auch Schifferklavier, Zerrwanst oder Akkordeon genannt. In der DDR wurde daraus ein &#8222;Weltmeister&#8220; gemacht (die Marke ist gemeint): 3000 Menschen schafften 250 Instrumente pro Tag! So war der Plan, koste es was es wolle. Heute sind davon noch 80 \u00fcbrig geblieben. Also Menschen&#8230;meine ich. Die produzieren nun wirklich individuell nach Bedarf und ein ge\u00fcbter &#8222;Handzuginstrumentenmacher&#8220;, so die offizielle Berufsbezeichnung, braucht f\u00fcr die 2000 Teile 60 Stunden!<\/p>\n<div id=\"attachment_322\" style=\"width: 440px\" class=\"wp-caption aligncenter\"><img loading=\"lazy\" decoding=\"async\" aria-describedby=\"caption-attachment-322\" class=\"size-full wp-image-322\" title=\"01_Akkordeon\" src=\"http:\/\/www.dhk-galerie.de\/wordpress\/wp-content\/uploads\/2009\/06\/01_Akkordeon.jpg\" alt=\"new Collection\" width=\"430\" height=\"276\" srcset=\"http:\/\/www.dhk-galerie.de\/wordpress\/wp-content\/uploads\/2009\/06\/01_Akkordeon.jpg 430w, http:\/\/www.dhk-galerie.de\/wordpress\/wp-content\/uploads\/2009\/06\/01_Akkordeon-300x192.jpg 300w\" sizes=\"auto, (max-width: 430px) 100vw, 430px\" \/><p id=\"caption-attachment-322\" class=\"wp-caption-text\">new Collection<\/p><\/div>\n<p>\u00dcberhaupt ist das Vogtland ein sch\u00f6nes Land: es gibt hier weniger W\u00e4lder, daf\u00fcr mehr Wiesen und Felder. Es gibt nette D\u00f6rfchen mit schmucken H\u00e4uschen! Viele neue Gr\u00fcn-&#8222;T\u00f6ne&#8220; tauchen auf, bringen eine angenehme farbige Abwechslung. Die vielen V\u00f6gte (Mehrzahl von Vogt&#8230;d\u00e4mmerts?) und F\u00fcrsten haben das auch schon im 15.\/16. Jh. bemerkt und sich hier wohl gef\u00fchlt. Ob die es schon waren die im Kieler Fl\u00f6\u00dfergraben um 1630 das Brennholz bis nach &#8222;Leibdsch&#8220; (s\u00e4chsich f\u00fcr Leipzig) gefl\u00f6\u00dft haben ist nicht \u00fcberliefert, wird aber angenommen.<\/p>\n<div id=\"attachment_323\" style=\"width: 440px\" class=\"wp-caption aligncenter\"><img loading=\"lazy\" decoding=\"async\" aria-describedby=\"caption-attachment-323\" class=\"size-full wp-image-323\" title=\"02_Vogtland\" src=\"http:\/\/www.dhk-galerie.de\/wordpress\/wp-content\/uploads\/2009\/06\/02_Vogtland.jpg\" alt=\"Rundumsicht Klingenthal\" width=\"430\" height=\"287\" srcset=\"http:\/\/www.dhk-galerie.de\/wordpress\/wp-content\/uploads\/2009\/06\/02_Vogtland.jpg 430w, http:\/\/www.dhk-galerie.de\/wordpress\/wp-content\/uploads\/2009\/06\/02_Vogtland-300x200.jpg 300w\" sizes=\"auto, (max-width: 430px) 100vw, 430px\" \/><p id=\"caption-attachment-323\" class=\"wp-caption-text\">Rundumsicht Klingenthal<\/p><\/div>\n<p>Und dann gibt es noch die &#8222;Vogtland-Arena&#8220;, ein Wohl&#8220;klingen&#8220;der Name bei allen Skisprungfans! Wir bekommen auf dem riesen Areal, wo 25.000 Menschen Platz finden wenn sich immer 4 davon einen Quadratmeter teilen (nach DIN), eine exclusive F\u00fchrung vom Auslauf bis zum Ablauf von Matthias Deckert, einer Ost-(West?)-Skisprunglegende bis 1987. Heute macht er keine so gro\u00dfen Spr\u00fcnge mehr, als B\u00fcrgermeister(!) sicherlich auch etwas schwierig, und springt &#8222;&#8230;heute nur noch vom Schrank ins Bett&#8220; (Originalzitat um Schmunzeln).<\/p>\n<div id=\"attachment_324\" style=\"width: 440px\" class=\"wp-caption aligncenter\"><img loading=\"lazy\" decoding=\"async\" aria-describedby=\"caption-attachment-324\" class=\"size-full wp-image-324\" title=\"03_Arena\" src=\"http:\/\/www.dhk-galerie.de\/wordpress\/wp-content\/uploads\/2009\/06\/03_Arena.jpg\" alt=\"die modernste Skisprung-Arena Europas\" width=\"430\" height=\"265\" srcset=\"http:\/\/www.dhk-galerie.de\/wordpress\/wp-content\/uploads\/2009\/06\/03_Arena.jpg 430w, http:\/\/www.dhk-galerie.de\/wordpress\/wp-content\/uploads\/2009\/06\/03_Arena-300x184.jpg 300w\" sizes=\"auto, (max-width: 430px) 100vw, 430px\" \/><p id=\"caption-attachment-324\" class=\"wp-caption-text\">die modernste Skisprung-Arena Europas<\/p><\/div>\n<p>Im Vogtland ist es immer noch sch\u00f6n! Das Wetter ist wieder mal Spitze, wir haben es seit Baiersbronn abboniert! Nur das Internet hingt der Zeit hinterher: ich verstehe nicht, wie ich in unserer so kommunikativen Zeit dem rosa T-Schweinchen 8,&#8211; \u20ac in der Rachen werfen soll&#8230;pro Stunde! Aber wir haben dank der Verena Wei\u00dfe eine L\u00f6sung gefunden. Nur mit den Bildern mu\u00df ich mich wieder mal zur\u00fcck halten, sost ist das Limit f\u00fcr uns hier zu schnell aufgebgraucht.<\/p>\n<div id=\"attachment_325\" style=\"width: 440px\" class=\"wp-caption aligncenter\"><img loading=\"lazy\" decoding=\"async\" aria-describedby=\"caption-attachment-325\" class=\"size-full wp-image-325\" title=\"04_Vogtland\" src=\"http:\/\/www.dhk-galerie.de\/wordpress\/wp-content\/uploads\/2009\/06\/04_Vogtland.jpg\" alt=\"Blauzapf\" width=\"430\" height=\"298\" srcset=\"http:\/\/www.dhk-galerie.de\/wordpress\/wp-content\/uploads\/2009\/06\/04_Vogtland.jpg 430w, http:\/\/www.dhk-galerie.de\/wordpress\/wp-content\/uploads\/2009\/06\/04_Vogtland-300x207.jpg 300w\" sizes=\"auto, (max-width: 430px) 100vw, 430px\" \/><p id=\"caption-attachment-325\" class=\"wp-caption-text\">Blauzapf<\/p><\/div>\n<p><\/span><\/p>\n","protected":false},"excerpt":{"rendered":"<p>Montag, 29. Juni 2009, &#8230;oder endlich wieder Internet! Wer in der klingenden Ferienregion &#8222;Klingenthal-M\u00fchlleiten&#8220; unterwegs ist wird zweifellos irgendwann mit Musik in Verbindung kommen! Bei uns war es das erste Mal zum Mittagessen im Hotel &#8222;Ferienregion M\u00fchlleiten&#8220; soweit. Altdeutscher Schlager von der CD, passt eher zu Sauerbraten oder Roulladen mit Kl\u00f6\u00dfen. Dabei wird in der [&hellip;]<\/p>\n","protected":false},"author":2,"featured_media":0,"comment_status":"open","ping_status":"open","sticky":false,"template":"","format":"standard","meta":{"footnotes":""},"categories":[1],"tags":[],"class_list":["post-332","post","type-post","status-publish","format-standard","hentry","category-allgemein"],"_links":{"self":[{"href":"http:\/\/www.dhk-galerie.de\/wordpress\/wp-json\/wp\/v2\/posts\/332","targetHints":{"allow":["GET"]}}],"collection":[{"href":"http:\/\/www.dhk-galerie.de\/wordpress\/wp-json\/wp\/v2\/posts"}],"about":[{"href":"http:\/\/www.dhk-galerie.de\/wordpress\/wp-json\/wp\/v2\/types\/post"}],"author":[{"embeddable":true,"href":"http:\/\/www.dhk-galerie.de\/wordpress\/wp-json\/wp\/v2\/users\/2"}],"replies":[{"embeddable":true,"href":"http:\/\/www.dhk-galerie.de\/wordpress\/wp-json\/wp\/v2\/comments?post=332"}],"version-history":[{"count":1,"href":"http:\/\/www.dhk-galerie.de\/wordpress\/wp-json\/wp\/v2\/posts\/332\/revisions"}],"predecessor-version":[{"id":333,"href":"http:\/\/www.dhk-galerie.de\/wordpress\/wp-json\/wp\/v2\/posts\/332\/revisions\/333"}],"wp:attachment":[{"href":"http:\/\/www.dhk-galerie.de\/wordpress\/wp-json\/wp\/v2\/media?parent=332"}],"wp:term":[{"taxonomy":"category","embeddable":true,"href":"http:\/\/www.dhk-galerie.de\/wordpress\/wp-json\/wp\/v2\/categories?post=332"},{"taxonomy":"post_tag","embeddable":true,"href":"http:\/\/www.dhk-galerie.de\/wordpress\/wp-json\/wp\/v2\/tags?post=332"}],"curies":[{"name":"wp","href":"https:\/\/api.w.org\/{rel}","templated":true}]}}