{"id":334,"date":"2009-07-01T07:10:12","date_gmt":"2009-07-01T05:10:12","guid":{"rendered":"http:\/\/www.dhk-galerie.de\/wordpress\/?p=334"},"modified":"2009-07-01T07:10:12","modified_gmt":"2009-07-01T05:10:12","slug":"von-badern-und-grenzgangen","status":"publish","type":"post","link":"http:\/\/www.dhk-galerie.de\/wordpress\/blog\/2009\/07\/01\/von-badern-und-grenzgangen\/","title":{"rendered":"Von B\u00e4dern und Grenzg\u00e4ngen"},"content":{"rendered":"<p><span style=\"font-size: small;\"><strong><span style=\"text-decoration: underline;\">Dienstag, 30. Juni 2009, fast schon Juli<\/span><\/strong><\/p>\n<p>Bad Elster! Unser erstes Ziel heute morgen, beginnt gleich mit einem Aufschrei der M\u00e4dels: wir erfahren die \u00dcberraschung vom Tourismusverband. Streng geheim gehalten die letzten Tage, geht es heut abend um 20:00 auf die Freilichtb\u00fchne nach Plauen zum Musical EVITA. Ich kann mich beherrschen, zeige meine Freude eher innerlich und denke dabei an das AC\/DC-Konzert vor vier Wochen in Leipzig&#8230;<\/p>\n<p>Wir werden begr\u00fc\u00dft von Rolf Ebert, dem Pr\u00e4sidenten des Verbands Vogtl\u00e4ndischer Touristen, der Chef also h\u00f6chst pers\u00f6nlich! Der Mann steckt voller Wissen! Es ist eine Genugtuung ihm zuzuh\u00f6ren. Die Infos sprudeln nur so und ich komme mit meinen Notizen kaum hinterher.<\/p>\n<p>Bad Elster, ein kleiner Ort ganz tief im Vogtland, lebt von den Wassern einer Heilquelle, der Marienquelle, f\u00fcr alle m\u00f6glichen M\u00e4nner- und Frauenleiden. Kinder k\u00f6nnen nat\u00fcrlich auch mitkommen! Das Albert-Bad wurde 1899-1900 um diese Quellen herum gebaut auf Antrag des s\u00e4chsischen K\u00f6nigshauses. Es ist eines der gr\u00f6\u00dften Moorheilb\u00e4der in Deutschland. Wer sich erinnert an die kleinen Seen im Schwarzwald, mit schwarzem Moorwasser gef\u00fcllt, wei\u00df das man hier schwarz aus der Wanne steigt, im Gegensatz zur wei\u00dfen Kalkschlempe im Baiersbronner Zuber. Kurg\u00e4ste aller Schichten der Bev\u00f6lkerung flanierten und flanieren hier, Rolf bringt das kurz auf den Punkt:&#8220; Morgens Fango, abends Tango&#8220;. Die Elster als Vogel ist \u00fcbrigens das Wappentier vom Bad und hat nix mit der &#8222;Wei\u00dfen Elster&#8220;, DEM Flu\u00df hier, zu tun, dazu sp\u00e4ter mehr. Mit noch einem Zitat von Rolf &#8222;Was nicht schafft die Marienquelle schafft abends dann die Kurkapelle&#8220; beenden wir unsere F\u00fchrung und machen uns auf in Richtung Grenze&#8230;<\/p>\n<p>Wir laufen auf dem VPW (Vogtlandpanoramaweg), dem ersten zertifizierten Wanderweg in den NBL. Inzwischen ist noch der Klingenthaler H\u00f6henweg, unsere gestrige Route, dazugekommen. Mehr gibt es in Sachsen nicht! Wer anderes behauptet zeigt unverkennbar seine N\u00e4he zur S\u00e4chsischen Staatsregierung, die h\u00e4tte n\u00e4mlich gern mehr. \u00dcberhaupt ist dieser z.Zt. sattfindende Zertifizierungswahn eine Katastrophe, aber typisch deutsch! Ein Gremium legt fest ob die Erf\u00fcllung von 23 Kriterien zur Zertifizierung reichen. Ich dachte immer man wandert einfach los und wenn es einem gef\u00e4llt kommt man wieder, oder eben nicht. Aber Rolf zeigt, das es auch anders gehen w\u00fcrde: so reichen z.B. nur vier Farben aus, um Wanderwege eindeutig zu kennzeichnen! Rot und Blau steht f\u00fcr die \u00fcberregionalen, gr\u00fcn und gelb f\u00fcr die kommunalen Wege. Fertig! Die Idee stammt \u00fcbrigens aus dem B\u00f6hmischen Nachbarland. Die Sauerl\u00e4nder sollten sich diese Idee mal n\u00e4her anschauen&#8230;<\/p>\n<p>Und pl\u00f6tzlich ist es da, das Grenzgebiet! Und hat allen Schrecken von fr\u00fcher verloren! Seit 500 Jahren ist die Grenzber\u00fchrung zwischen dem K\u00f6niglichen B\u00f6hmen und dem Deutschen Reich (so hie\u00df das fr\u00fcher schon!!!) hier unver\u00e4ndert! Wir schwanken r\u00fcber und n\u00fcber, mal tschechisch mal deutsch. In den Zwanzigern sollte hier eine &#8222;Republik Fichtenhof&#8220; gegr\u00fcndet werden, verlief aber sp\u00e4ter mangels Interesse im Sande&#8230;Rolf erz\u00e4hlt und erz\u00e4hlt, zeigt uns den Ausweis seines Gro\u00dfvaters aus dem Jahre 1928 in Original! Der war ein Grenzg\u00e4nger, trank t\u00e4glich sein b\u00f6hmisches Bier. Mitten durch seine Kneipe verlief die Grenze, links deutsch, rechts b\u00f6hmisch. Und weil die Polizeistunde in B\u00f6hmen erst um 1:00 Uhr war r\u00fcckten die deutschen &#8222;Trinker&#8220; um Mitternacht auf die b\u00f6hmische Seite. Eine Anekdote von Rolf. Typisch f\u00fcr ihn! Und wenn wir schon mal im Tschechischen sind gibt es auch ein b\u00f6hmisches Mittag: \u00fcberreichlich, in 1A Qualit\u00e4t und seeehr preiswert! Nachdem Magen und Leber befriedigt sind geht es unter Donnergrollen zur\u00fcck nach Bad Elster. Rolf erz\u00e4hlt noch das die &#8222;Wei\u00dfe Elster&#8220;, DER Flu\u00df hier, von dem hochdeutschen Begriff Alistra abstammt und so viel wie &#8222;busch- oder baumbestandenes Wasser&#8220; bedeutet. Und das es in der Lausitz noch eine schwarze Elster gibt (auch ein Flu\u00df). Ein Landrat aus Dresden hatte dies einfach so festgelegt nachdem er die st\u00e4ndigen Verwechslungen satt hatte. Ein letztes Zitat von Rolf lautet: &#8220; Heute sind die guten alten Zeiten nach denen wir uns in 20 Jahren sehnen werden.&#8220; Dann ist er verschwunden.<\/p>\n<p>Sorry, ist wieder bissl viel geworden, aber der Rolf hat so viel gesagt! Und die warmherzige Gastlichkeit und Geselligkeit der Vogtl\u00e4nder l\u00e4sst nichts zu w\u00fcnschen \u00fcbrig. Wohlf\u00fchlfaktor pur! Und es gibt hier auch klasse Kunst und Kultur! Von ersterem, dem EVITA-Event bin ich gerade zur\u00fcckgekehrt. Beeindruckt von diesem Werk bleibt keine Zeit mehr f\u00fcr Bilder&#8230;Ich bedaure mich nicht intensiver bei Michael Hecht, dem Gesch\u00e4ftsf\u00fchrer, und &#8222;Don Pedro&#8220; Oehme, dem Projektmanager, bedankt zu haben, bei dem &#8222;Fisch&#8220; kann ich das am Samstag auf der Festung K\u00f6nigstein nachholen.<\/p>\n<p>Und morgen? Eigentlich k\u00f6nnte ich hier aus der Wander-Rallye aussteigen geht es doch in meine Heimat, die S\u00e4chsischen Schweiz , in der ich schon 47mal Sylvester gefeiert habe. Keine Angst, ich werde mich nat\u00fcrlich h\u00fcten das zu tun! Bin ich doch gespannt wie sich die S\u00e4chsische Schweiz im Vergleich zu den anderen Wanderregionen schlagen wird! Und ich werde genau hinsehen! Au\u00dferdem: wann bekommt man denn sonst mal Gelegenheit in einem *****Hotel zu schlafen. Ihr h\u00f6rt also weiter von mir&#8230;<\/p>\n<p><\/span><\/p>\n","protected":false},"excerpt":{"rendered":"<p>Dienstag, 30. Juni 2009, fast schon Juli Bad Elster! Unser erstes Ziel heute morgen, beginnt gleich mit einem Aufschrei der M\u00e4dels: wir erfahren die \u00dcberraschung vom Tourismusverband. Streng geheim gehalten die letzten Tage, geht es heut abend um 20:00 auf die Freilichtb\u00fchne nach Plauen zum Musical EVITA. Ich kann mich beherrschen, zeige meine Freude eher [&hellip;]<\/p>\n","protected":false},"author":2,"featured_media":0,"comment_status":"open","ping_status":"open","sticky":false,"template":"","format":"standard","meta":{"footnotes":""},"categories":[1],"tags":[],"class_list":["post-334","post","type-post","status-publish","format-standard","hentry","category-allgemein"],"_links":{"self":[{"href":"http:\/\/www.dhk-galerie.de\/wordpress\/wp-json\/wp\/v2\/posts\/334","targetHints":{"allow":["GET"]}}],"collection":[{"href":"http:\/\/www.dhk-galerie.de\/wordpress\/wp-json\/wp\/v2\/posts"}],"about":[{"href":"http:\/\/www.dhk-galerie.de\/wordpress\/wp-json\/wp\/v2\/types\/post"}],"author":[{"embeddable":true,"href":"http:\/\/www.dhk-galerie.de\/wordpress\/wp-json\/wp\/v2\/users\/2"}],"replies":[{"embeddable":true,"href":"http:\/\/www.dhk-galerie.de\/wordpress\/wp-json\/wp\/v2\/comments?post=334"}],"version-history":[{"count":1,"href":"http:\/\/www.dhk-galerie.de\/wordpress\/wp-json\/wp\/v2\/posts\/334\/revisions"}],"predecessor-version":[{"id":335,"href":"http:\/\/www.dhk-galerie.de\/wordpress\/wp-json\/wp\/v2\/posts\/334\/revisions\/335"}],"wp:attachment":[{"href":"http:\/\/www.dhk-galerie.de\/wordpress\/wp-json\/wp\/v2\/media?parent=334"}],"wp:term":[{"taxonomy":"category","embeddable":true,"href":"http:\/\/www.dhk-galerie.de\/wordpress\/wp-json\/wp\/v2\/categories?post=334"},{"taxonomy":"post_tag","embeddable":true,"href":"http:\/\/www.dhk-galerie.de\/wordpress\/wp-json\/wp\/v2\/tags?post=334"}],"curies":[{"name":"wp","href":"https:\/\/api.w.org\/{rel}","templated":true}]}}