{"id":340,"date":"2009-07-02T00:11:49","date_gmt":"2009-07-01T22:11:49","guid":{"rendered":"http:\/\/www.dhk-galerie.de\/wordpress\/?p=340"},"modified":"2009-07-03T07:27:07","modified_gmt":"2009-07-03T05:27:07","slug":"die-letzte-reise-beginnt","status":"publish","type":"post","link":"http:\/\/www.dhk-galerie.de\/wordpress\/blog\/2009\/07\/02\/die-letzte-reise-beginnt\/","title":{"rendered":"Die letzte Reise beginnt"},"content":{"rendered":"<div><span style=\"font-size: small;\"><strong><span style=\"text-decoration: underline;\">Mittwoch, 1. Juli 2009, unser letzter gemeinsamer Reisetag<\/span><\/strong><\/span><\/div>\n<div><span style=\"font-size: small;\">J\u00fcrgen ist schon weg. P\u00fcnktlich um 15:00 Uhr bricht J\u00fcrgen und sein Bus auf in Richtung Heimat: Luxemburg. \u00dcber 900 km liegen noch vor ihm! Zuvor hat er uns nochmal perfekt in die S\u00e4chsische Schweiz nach Bad Schandau geschaukelt. Wir haben die G\u00f6ltzschtalbr\u00fccke gesehen und meine Terasse zu Hause. Mein liebes Frauchen reichte einen bundeslandtypischen Sekt dazu. Zum Schlu\u00df gabs nochmal Spontanapplaus f\u00fcr J\u00fcrgen. Wir w\u00fcnschen J\u00fcrgen das er gut zu Hause ankommt! Und wir wollen in Verbindung bleiben! Ob es bei seiner Ankunft zu Hause auch Spontanapplaus gibt???<\/span><\/div>\n<div><span style=\"font-size: small;\"><\/p>\n<div id=\"attachment_352\" style=\"width: 440px\" class=\"wp-caption aligncenter\"><img loading=\"lazy\" decoding=\"async\" aria-describedby=\"caption-attachment-352\" class=\"size-full wp-image-352\" title=\"01_Br\u00fccke\" src=\"http:\/\/www.dhk-galerie.de\/wordpress\/wp-content\/uploads\/2009\/07\/01_Br\u00fccke.jpg\" alt=\"G\u00f6ltzschtalbr\u00fccke\" width=\"430\" height=\"261\" srcset=\"http:\/\/www.dhk-galerie.de\/wordpress\/wp-content\/uploads\/2009\/07\/01_Br\u00fccke.jpg 430w, http:\/\/www.dhk-galerie.de\/wordpress\/wp-content\/uploads\/2009\/07\/01_Br\u00fccke-300x182.jpg 300w\" sizes=\"auto, (max-width: 430px) 100vw, 430px\" \/><p id=\"caption-attachment-352\" class=\"wp-caption-text\">G\u00f6ltzschtalbr\u00fccke<\/p><\/div>\n<p><\/span><\/div>\n<div><span style=\"font-size: small;\"><\/p>\n<div id=\"attachment_353\" style=\"width: 440px\" class=\"wp-caption aligncenter\"><img loading=\"lazy\" decoding=\"async\" aria-describedby=\"caption-attachment-353\" class=\"size-full wp-image-353\" title=\"02_Gruppe\" src=\"http:\/\/www.dhk-galerie.de\/wordpress\/wp-content\/uploads\/2009\/07\/02_Gruppe.jpg\" alt=\"acht verr\u00fcckte Wanderer und ein Busfahrer\" width=\"430\" height=\"271\" srcset=\"http:\/\/www.dhk-galerie.de\/wordpress\/wp-content\/uploads\/2009\/07\/02_Gruppe.jpg 430w, http:\/\/www.dhk-galerie.de\/wordpress\/wp-content\/uploads\/2009\/07\/02_Gruppe-300x189.jpg 300w\" sizes=\"auto, (max-width: 430px) 100vw, 430px\" \/><p id=\"caption-attachment-353\" class=\"wp-caption-text\">acht verr\u00fcckte Wanderer und ein Busfahrer<\/p><\/div>\n<p><\/span><span style=\"font-size: small;\">Wir sind im *****Hotel Elbresidenz in Bad Schandau. Edel, k\u00fchl, sachlich und perfekt. Genau wie die Marketingleiterin, die mit uns einen kurzen Rundgang macht. Durch allerlei R\u00e4umlichkeiten die alle ihre Funktion haben. Wir sehen eine aufw\u00e4ndig gestaltete Wohlf\u00fchl-Oase im 4. Stock! Auch die Wanderf\u00fc\u00dfe und \u00fcberhaupt der ganze Wanderer m\u00fcssen mahl &#8222;aryouvedaert&#8220; werden.<\/p>\n<p>Wir treffen uns im Sendig, nicht dem Brunnen vor , sondern der gastronomischen Zentrale im Hause. Ein kleinwenig \u00c4nderung der Sitzgeometrie schafft Platz f\u00fcr ALLE, und wir speisen lecker und w\u00fcrdig. Wir kommen, f\u00fcr mich viel zu kurz, mit den hiesigen &#8222;Wanderprofis&#8220; in Kontakt. Liegt es an der Sterilit\u00e4t dieses Prunkbaues oder an der Zusammengeschwei\u00dftheit unserer Gruppe? Oder sehe ich alles viel zu kompliziert durch MEINE rosarote Brille??? Der Funke will nicht \u00fcberspringen. Die n\u00e4chsten Tage werden es zeigen&#8230;<\/p>\n<p>\u00a0<\/p>\n<p><\/span><\/div>\n","protected":false},"excerpt":{"rendered":"<p>Mittwoch, 1. Juli 2009, unser letzter gemeinsamer Reisetag J\u00fcrgen ist schon weg. P\u00fcnktlich um 15:00 Uhr bricht J\u00fcrgen und sein Bus auf in Richtung Heimat: Luxemburg. \u00dcber 900 km liegen noch vor ihm! Zuvor hat er uns nochmal perfekt in die S\u00e4chsische Schweiz nach Bad Schandau geschaukelt. Wir haben die G\u00f6ltzschtalbr\u00fccke gesehen und meine Terasse [&hellip;]<\/p>\n","protected":false},"author":2,"featured_media":0,"comment_status":"open","ping_status":"open","sticky":false,"template":"","format":"standard","meta":{"footnotes":""},"categories":[1],"tags":[],"class_list":["post-340","post","type-post","status-publish","format-standard","hentry","category-allgemein"],"_links":{"self":[{"href":"http:\/\/www.dhk-galerie.de\/wordpress\/wp-json\/wp\/v2\/posts\/340","targetHints":{"allow":["GET"]}}],"collection":[{"href":"http:\/\/www.dhk-galerie.de\/wordpress\/wp-json\/wp\/v2\/posts"}],"about":[{"href":"http:\/\/www.dhk-galerie.de\/wordpress\/wp-json\/wp\/v2\/types\/post"}],"author":[{"embeddable":true,"href":"http:\/\/www.dhk-galerie.de\/wordpress\/wp-json\/wp\/v2\/users\/2"}],"replies":[{"embeddable":true,"href":"http:\/\/www.dhk-galerie.de\/wordpress\/wp-json\/wp\/v2\/comments?post=340"}],"version-history":[{"count":3,"href":"http:\/\/www.dhk-galerie.de\/wordpress\/wp-json\/wp\/v2\/posts\/340\/revisions"}],"predecessor-version":[{"id":354,"href":"http:\/\/www.dhk-galerie.de\/wordpress\/wp-json\/wp\/v2\/posts\/340\/revisions\/354"}],"wp:attachment":[{"href":"http:\/\/www.dhk-galerie.de\/wordpress\/wp-json\/wp\/v2\/media?parent=340"}],"wp:term":[{"taxonomy":"category","embeddable":true,"href":"http:\/\/www.dhk-galerie.de\/wordpress\/wp-json\/wp\/v2\/categories?post=340"},{"taxonomy":"post_tag","embeddable":true,"href":"http:\/\/www.dhk-galerie.de\/wordpress\/wp-json\/wp\/v2\/tags?post=340"}],"curies":[{"name":"wp","href":"https:\/\/api.w.org\/{rel}","templated":true}]}}