{"id":343,"date":"2009-07-02T07:54:32","date_gmt":"2009-07-02T05:54:32","guid":{"rendered":"http:\/\/www.dhk-galerie.de\/wordpress\/?p=343"},"modified":"2009-07-02T07:54:32","modified_gmt":"2009-07-02T05:54:32","slug":"meine-erste-5-sterne-nacht","status":"publish","type":"post","link":"http:\/\/www.dhk-galerie.de\/wordpress\/blog\/2009\/07\/02\/meine-erste-5-sterne-nacht\/","title":{"rendered":"Meine erste 5-Sterne-Nacht"},"content":{"rendered":"<p>Und das obwohl der ganze Himmel bew\u00f6lkt ist!\u00a0Nachdem ich es bisher im &#8222;Elbresidenz-Hotel&#8220; immer nur bis zur Reception geschafft habe, durfte ich gestern soger ein sch\u00f6nes Zimmer beziehen! Der Schl\u00fcssel ist hier eine Karte, schaltet gleichzeitig elektrisch Licht und Funk und Fernsehen ein. Jetzt geht&#8217;s zum Fr\u00fchst\u00fcck. Der Rucksack ist gepackt. Die Regenjacke liegt diesmal ganz \u00a0oben, ich h\u00f6re in der Ferne schon Donnergrollen. Und dann gehts endlich los, in die S\u00e4chsische Schweiz! Also: auffi!<\/p>\n","protected":false},"excerpt":{"rendered":"<p>Und das obwohl der ganze Himmel bew\u00f6lkt ist!\u00a0Nachdem ich es bisher im &#8222;Elbresidenz-Hotel&#8220; immer nur bis zur Reception geschafft habe, durfte ich gestern soger ein sch\u00f6nes Zimmer beziehen! Der Schl\u00fcssel ist hier eine Karte, schaltet gleichzeitig elektrisch Licht und Funk und Fernsehen ein. Jetzt geht&#8217;s zum Fr\u00fchst\u00fcck. Der Rucksack ist gepackt. Die Regenjacke liegt diesmal [&hellip;]<\/p>\n","protected":false},"author":2,"featured_media":0,"comment_status":"open","ping_status":"open","sticky":false,"template":"","format":"standard","meta":{"footnotes":""},"categories":[1],"tags":[],"class_list":["post-343","post","type-post","status-publish","format-standard","hentry","category-allgemein"],"_links":{"self":[{"href":"http:\/\/www.dhk-galerie.de\/wordpress\/wp-json\/wp\/v2\/posts\/343","targetHints":{"allow":["GET"]}}],"collection":[{"href":"http:\/\/www.dhk-galerie.de\/wordpress\/wp-json\/wp\/v2\/posts"}],"about":[{"href":"http:\/\/www.dhk-galerie.de\/wordpress\/wp-json\/wp\/v2\/types\/post"}],"author":[{"embeddable":true,"href":"http:\/\/www.dhk-galerie.de\/wordpress\/wp-json\/wp\/v2\/users\/2"}],"replies":[{"embeddable":true,"href":"http:\/\/www.dhk-galerie.de\/wordpress\/wp-json\/wp\/v2\/comments?post=343"}],"version-history":[{"count":1,"href":"http:\/\/www.dhk-galerie.de\/wordpress\/wp-json\/wp\/v2\/posts\/343\/revisions"}],"predecessor-version":[{"id":344,"href":"http:\/\/www.dhk-galerie.de\/wordpress\/wp-json\/wp\/v2\/posts\/343\/revisions\/344"}],"wp:attachment":[{"href":"http:\/\/www.dhk-galerie.de\/wordpress\/wp-json\/wp\/v2\/media?parent=343"}],"wp:term":[{"taxonomy":"category","embeddable":true,"href":"http:\/\/www.dhk-galerie.de\/wordpress\/wp-json\/wp\/v2\/categories?post=343"},{"taxonomy":"post_tag","embeddable":true,"href":"http:\/\/www.dhk-galerie.de\/wordpress\/wp-json\/wp\/v2\/tags?post=343"}],"curies":[{"name":"wp","href":"https:\/\/api.w.org\/{rel}","templated":true}]}}