{"id":345,"date":"2009-07-02T18:20:41","date_gmt":"2009-07-02T16:20:41","guid":{"rendered":"http:\/\/www.dhk-galerie.de\/wordpress\/?p=345"},"modified":"2009-07-03T17:54:36","modified_gmt":"2009-07-03T15:54:36","slug":"es-muste-ja-so-kommen","status":"publish","type":"post","link":"http:\/\/www.dhk-galerie.de\/wordpress\/blog\/2009\/07\/02\/es-muste-ja-so-kommen\/","title":{"rendered":"Es mu\u00dfte ja so kommen"},"content":{"rendered":"<p>\u00a0<span style=\"font-size: small;\"><strong><span style=\"text-decoration: underline;\">Donnerstag, 2. Juli 2009, H2O von oben und von unten<\/span><\/strong><\/span>\u00a0<\/p>\n<p>Der &#8222;Donner&#8220;stag macht heute seinem Namen alle Ehre: meine Regenjacke vorsorglich gleich oben in den Rucksack gepackt brauche ich sie bereits auf dem kurzen Weg zur Information in Bad Schandau. Es gie\u00dft wie aus Kannen. In der Info ist es trocken, hell, sch\u00f6n freundlich! Nette Gesichter! Frische Blumen! Und Internet! Und das ganze von 9:00 bis 21:00 Uhr zu besichtigen!!! Volle Punktzahl, die beste Info auf unserer Tour!<\/p>\n<p>Ren\u00e9 und Yvonne vom Touri-Verband erl\u00e4utern an einer Karte unsere heutige 40km-Tour, wir lachen und scherzen noch, ohne zu ahnen das wir nicht mal die tats\u00e4chlichen 12 km schaffen werden&#8230;<\/p>\n<p>Nach kurzem Fototermin bei der lokalen Presse gings los, hinaus in das Land und den Regen und den Nebel. Wir fahren mit dem &#8222;elektrisch freistehenden Personenaufzug&#8220;, so die amtsdeutsche(!) Bezeichnung f\u00fcr den Ostrauer Aufzug vom Baujahr 1905, hundert Meter in die H\u00f6he. Wir erfahren, das der Hr. Sendig hier ein Hotelier, noch viel mehr ein Vision\u00e4r war. Er lies den Aufzug bauen, den hat man noch genehmigt! Er wollte noch einen Weltsportplatz und einen Luftschiffhafen hier oben errichten, die Weltwirtschaftskrise hat das verhindert. Die heutigen Ostrauer werden dieser damaligen Krise dankbar sein. Eingebracht hat das Hr. Sendig nat\u00fcrlich garnix, er verbrachte hier oben seinen Lebensabend&#8230; ohne die n\u00f6tigen &#8222;Mittelchen&#8220;.<\/p>\n<div id=\"attachment_363\" style=\"width: 440px\" class=\"wp-caption aligncenter\"><img loading=\"lazy\" decoding=\"async\" aria-describedby=\"caption-attachment-363\" class=\"size-full wp-image-363\" title=\"05_Aufzug\" src=\"http:\/\/www.dhk-galerie.de\/wordpress\/wp-content\/uploads\/2009\/07\/05_Aufzug.jpg\" alt=\"der freistehende Personenaufzug\" width=\"430\" height=\"309\" srcset=\"http:\/\/www.dhk-galerie.de\/wordpress\/wp-content\/uploads\/2009\/07\/05_Aufzug.jpg 430w, http:\/\/www.dhk-galerie.de\/wordpress\/wp-content\/uploads\/2009\/07\/05_Aufzug-300x215.jpg 300w\" sizes=\"auto, (max-width: 430px) 100vw, 430px\" \/><p id=\"caption-attachment-363\" class=\"wp-caption-text\">der freistehende Personenaufzug<\/p><\/div>\n<div id=\"attachment_355\" style=\"width: 440px\" class=\"wp-caption aligncenter\"><img loading=\"lazy\" decoding=\"async\" aria-describedby=\"caption-attachment-355\" class=\"size-full wp-image-355\" title=\"01_Schandau\" src=\"http:\/\/www.dhk-galerie.de\/wordpress\/wp-content\/uploads\/2009\/07\/01_Schandau.jpg\" alt=\"Bad Schandau im Regen\" width=\"430\" height=\"287\" srcset=\"http:\/\/www.dhk-galerie.de\/wordpress\/wp-content\/uploads\/2009\/07\/01_Schandau.jpg 430w, http:\/\/www.dhk-galerie.de\/wordpress\/wp-content\/uploads\/2009\/07\/01_Schandau-300x200.jpg 300w\" sizes=\"auto, (max-width: 430px) 100vw, 430px\" \/><p id=\"caption-attachment-355\" class=\"wp-caption-text\">Bad Schandau im Regen<\/p><\/div>\n<p>Aufw\u00e4rts geht&#8217;s, langsam aber stetig. Und es dampft! Es dampft m\u00e4chtig! Erst der Wald in seinem Mantel, und dann wir in unseren Klamotten. Es ist eine riesige Waschk\u00fcche pur! Caspar D. Friedrich oder Ludwig Richter haben eben diesen Nebel in ihren Gem\u00e4lden festgehalten. Also den Nebel vom Wald! Dem Wald in der S\u00e4chsischen Schweiz. Die beiden Schweizer Zingg und Graf, Dozenten an der S\u00e4chsischen Kunstakademie, haben sich \u00fcbrigens diesen Namen ausgedacht, in Anlehnung an ihre Heimat Schweiz. Geologisch hei\u00dft diese Region Elbsandsteingebirge, Geologen sind\u00a0unromantisch.<\/p>\n<div id=\"attachment_364\" style=\"width: 440px\" class=\"wp-caption aligncenter\"><img loading=\"lazy\" decoding=\"async\" aria-describedby=\"caption-attachment-364\" class=\"size-full wp-image-364\" title=\"06_Emmabank\" src=\"http:\/\/www.dhk-galerie.de\/wordpress\/wp-content\/uploads\/2009\/07\/06_Emmabank.jpg\" alt=\"an der Emma-Bank\" width=\"430\" height=\"262\" srcset=\"http:\/\/www.dhk-galerie.de\/wordpress\/wp-content\/uploads\/2009\/07\/06_Emmabank.jpg 430w, http:\/\/www.dhk-galerie.de\/wordpress\/wp-content\/uploads\/2009\/07\/06_Emmabank-300x182.jpg 300w\" sizes=\"auto, (max-width: 430px) 100vw, 430px\" \/><p id=\"caption-attachment-364\" class=\"wp-caption-text\">an der Emma-Bank<\/p><\/div>\n<p>Jetzt ist die Emma dran. Emma ist eine Bank. Also nicht irgend so eine &#8222;B\u00e4d-B\u00e4nk&#8220;, sondern eine zum Sitzen. Das w\u00fcnsche ich mir insgeheim\u00a0f\u00fcr manche Bankvorst\u00e4nde auch. Aber es geht hier um die Dame\u00a0Emma, die mit unserem &#8222;lieben&#8220; Hr. Sendig liiert ist (sieh an sieh an&#8230;) Sie will im Gr\u00fcnen sitzen und braucht daf\u00fcr eine Bank. Aber es ist kein Geld da. Eine Taxe mu\u00df her! Die Kurtaxe war geboren! Die Frauen haben doch immer wieder die besten Ideen&#8230;Ob das verbrieft ist wei\u00df ich nicht, Ren\u00e8 schmunzelt dabei so verschmitzt.<\/p>\n<div id=\"attachment_356\" style=\"width: 440px\" class=\"wp-caption aligncenter\"><img loading=\"lazy\" decoding=\"async\" aria-describedby=\"caption-attachment-356\" class=\"size-full wp-image-356\" title=\"02_Mittag\" src=\"http:\/\/www.dhk-galerie.de\/wordpress\/wp-content\/uploads\/2009\/07\/02_Mittag.jpg\" alt=\"Tischlein deck dich\" width=\"430\" height=\"264\" srcset=\"http:\/\/www.dhk-galerie.de\/wordpress\/wp-content\/uploads\/2009\/07\/02_Mittag.jpg 430w, http:\/\/www.dhk-galerie.de\/wordpress\/wp-content\/uploads\/2009\/07\/02_Mittag-300x184.jpg 300w\" sizes=\"auto, (max-width: 430px) 100vw, 430px\" \/><p id=\"caption-attachment-356\" class=\"wp-caption-text\">Tischlein deck dich<\/p><\/div>\n<p>Wir bewegen uns weiter in Richtung Schrammsteine und kommen an einem wunderbar gedeckten Tisch vor bei, den uns das s\u00e4chsische Rotk\u00e4ppchen Gundel Strohbach eingerichtet hat. Alles heimische Spezialit\u00e4ten. Ingeborg schreibt in ihrem Blog sp\u00e4ter: da wachsen die Korkenzieher auf B\u00e4umen! Nach deftigem Essen und Trinken fragen wir uns ernsthaft ob wir noch weiter m\u00fcssen\/wollen. Aber ein dumpfes Grollen, noch in respektabler Entfernung mahnt zur Eile. Wir hasten und dampfen, dampfen und hasten \u00fcber den\u00a0Mittelwinkel auf die H\u00f6he der Schrammsteine und von dort auf die gleichnamige Aussicht. Die Aussicht ist wie immer von hier oben \u00fcberw\u00e4ltigend! Unsere &#8222;Neulinge&#8220; rei\u00dfen die Augen und Objektive der Kameras nur so auf. Als Belohnung packt Ren\u00e8 einen Schrammstein-Kr\u00e4uter aus dem erzgebirgischen Krottendorf aus. Das erinnert mich an den Sauerland-Kalle mit seinem bayrischen Enzian. Da ich schon hunderte Bilder von hier oben habe, auch mit Sonne, wende ich mich lieber an Ren\u00e8, der mir bereitwillig Auskunft gibt: die Schrammsteine sehen so zerkl\u00fcftet und zerschrammt aus das man nicht lange \u00fcberlegt hat: Schrammsteine eben. Es gibt hier eine Tante und ihr &#8222;Onkel&#8220; ist auch irgendwo. Und ein Grollen ist da noch, pl\u00f6tzlich ganz nah und ganz laut&#8230;<\/p>\n<div id=\"attachment_357\" style=\"width: 440px\" class=\"wp-caption aligncenter\"><img loading=\"lazy\" decoding=\"async\" aria-describedby=\"caption-attachment-357\" class=\"size-full wp-image-357\" title=\"03_Schilder\" src=\"http:\/\/www.dhk-galerie.de\/wordpress\/wp-content\/uploads\/2009\/07\/03_Schilder.jpg\" alt=\"zum Mittelwinkel geht's\" width=\"430\" height=\"275\" srcset=\"http:\/\/www.dhk-galerie.de\/wordpress\/wp-content\/uploads\/2009\/07\/03_Schilder.jpg 430w, http:\/\/www.dhk-galerie.de\/wordpress\/wp-content\/uploads\/2009\/07\/03_Schilder-300x191.jpg 300w\" sizes=\"auto, (max-width: 430px) 100vw, 430px\" \/><p id=\"caption-attachment-357\" class=\"wp-caption-text\">zum Mittelwinkel geht&#39;s<\/p><\/div>\n<div id=\"attachment_358\" style=\"width: 440px\" class=\"wp-caption aligncenter\"><img loading=\"lazy\" decoding=\"async\" aria-describedby=\"caption-attachment-358\" class=\"size-full wp-image-358\" title=\"04_Gewitter\" src=\"http:\/\/www.dhk-galerie.de\/wordpress\/wp-content\/uploads\/2009\/07\/04_Gewitter.jpg\" alt=\"Gewitter im Anmarch\" width=\"430\" height=\"268\" srcset=\"http:\/\/www.dhk-galerie.de\/wordpress\/wp-content\/uploads\/2009\/07\/04_Gewitter.jpg 430w, http:\/\/www.dhk-galerie.de\/wordpress\/wp-content\/uploads\/2009\/07\/04_Gewitter-300x186.jpg 300w\" sizes=\"auto, (max-width: 430px) 100vw, 430px\" \/><p id=\"caption-attachment-358\" class=\"wp-caption-text\">Gewitter im Anmarch<\/p><\/div>\n<p>Wir beeilen uns, isolieren jedes Metallteil und steigen \u00fcber den am n\u00e4chsten liegenden J\u00e4gersteig ab. Bis jetzt ist alles gut gegangen aber in diesem Moment \u00f6ffnet sich der Himmel! Es gie\u00dft wie aus Kannen (s.o.) und es ist ein Wetter wo du dir w\u00fcnschst das irgendwo eine Bushaltestelle stehen m\u00f6ge. Aber wo soll die herkommen hier drau\u00dfen in dieser Wildnis??? Es blitzt und kracht, kracht und blitzt, wir sind mittendrin&#8230;statt nur dabei. Wir wissen nicht mehr ob wir auf dem richtigenWeg sind&#8230;oder im Flussbett (es war wirklich so! Ich hab es selber so noch nie hier erlebt) Die N\u00e4sse dringt durch alle N\u00e4hte, nimmt Besitz von dem &#8222;darunter&#8220;&#8230;<\/p>\n<p>Sp\u00e4ter, unendlich sp\u00e4ter, stehen wir vor dem Bio-Hotel HELVETIA in Schmilka. Wir machen einen sehr &#8222;naturnahen&#8220; Eindruck und Uwe Lindemann, der Bio-Hotelleiter, gew\u00e4hrt uns Einlass, ignoriert die Pf\u00fctzen die um uns auf dem feinen Steinboden zusammenlaufen. Die &#8222;Luschis&#8220; machen sich auf ins Hotel nach Bad Schandau, die anderen kommen in den Genu\u00df eines Interviews der Lokalpresse, der Text zu den heut morgen gemachten Bildern. Lieber Uwe, herzlichen Dank f\u00fcr dieses Entgegenkommen und entschuldige die &#8222;Sauerei&#8220; die wir verursacht haben! Viele Gr\u00fc\u00dfe an dein Team und weiterhin Gutes Gelingen!<\/p>\n<p>Nat\u00fcrlich kommen die &#8222;Harten&#8220; auch noch ins Hotel, bereiten sich auf, um eine Stunde sp\u00e4ter wieder &#8222;Wasser&#8220; zu bekommen. Unvergleichlich sch\u00f6ner und w\u00e4rmer, salziger und weicher ist das Wasser in der Toskana-Therme. Und irgendwie auch nicht so nass, finde ich. Das passende Abendessen gibt es auch gleich hier. Es wird lustig, noch lustiger&#8230;unsere Gruppe ist eben einmalig. Nur ganz kurz flammt bei jedem von uns auf das wir alle bald auseinander gehen werden&#8230; m\u00fcssen&#8230;<\/p>\n<p>Ein Spruch f\u00e4llt mir noch ein, gesehen im Bio-Hotel: &#8220; Es kommt nicht darauf an dem Leben mehr Jahre zu geben sondern den Jahren mehr Leben!&#8220; Wie war, wie war&#8230;<\/p>\n<p><img loading=\"lazy\" decoding=\"async\" class=\"aligncenter size-full wp-image-365\" title=\"07_Wald\" src=\"http:\/\/www.dhk-galerie.de\/wordpress\/wp-content\/uploads\/2009\/07\/07_Wald.jpg\" alt=\"07_Wald\" width=\"430\" height=\"283\" srcset=\"http:\/\/www.dhk-galerie.de\/wordpress\/wp-content\/uploads\/2009\/07\/07_Wald.jpg 430w, http:\/\/www.dhk-galerie.de\/wordpress\/wp-content\/uploads\/2009\/07\/07_Wald-300x197.jpg 300w\" sizes=\"auto, (max-width: 430px) 100vw, 430px\" \/><\/p>\n","protected":false},"excerpt":{"rendered":"<p>\u00a0Donnerstag, 2. Juli 2009, H2O von oben und von unten\u00a0 Der &#8222;Donner&#8220;stag macht heute seinem Namen alle Ehre: meine Regenjacke vorsorglich gleich oben in den Rucksack gepackt brauche ich sie bereits auf dem kurzen Weg zur Information in Bad Schandau. Es gie\u00dft wie aus Kannen. In der Info ist es trocken, hell, sch\u00f6n freundlich! Nette [&hellip;]<\/p>\n","protected":false},"author":2,"featured_media":0,"comment_status":"open","ping_status":"open","sticky":false,"template":"","format":"standard","meta":{"footnotes":""},"categories":[1],"tags":[],"class_list":["post-345","post","type-post","status-publish","format-standard","hentry","category-allgemein"],"_links":{"self":[{"href":"http:\/\/www.dhk-galerie.de\/wordpress\/wp-json\/wp\/v2\/posts\/345","targetHints":{"allow":["GET"]}}],"collection":[{"href":"http:\/\/www.dhk-galerie.de\/wordpress\/wp-json\/wp\/v2\/posts"}],"about":[{"href":"http:\/\/www.dhk-galerie.de\/wordpress\/wp-json\/wp\/v2\/types\/post"}],"author":[{"embeddable":true,"href":"http:\/\/www.dhk-galerie.de\/wordpress\/wp-json\/wp\/v2\/users\/2"}],"replies":[{"embeddable":true,"href":"http:\/\/www.dhk-galerie.de\/wordpress\/wp-json\/wp\/v2\/comments?post=345"}],"version-history":[{"count":9,"href":"http:\/\/www.dhk-galerie.de\/wordpress\/wp-json\/wp\/v2\/posts\/345\/revisions"}],"predecessor-version":[{"id":348,"href":"http:\/\/www.dhk-galerie.de\/wordpress\/wp-json\/wp\/v2\/posts\/345\/revisions\/348"}],"wp:attachment":[{"href":"http:\/\/www.dhk-galerie.de\/wordpress\/wp-json\/wp\/v2\/media?parent=345"}],"wp:term":[{"taxonomy":"category","embeddable":true,"href":"http:\/\/www.dhk-galerie.de\/wordpress\/wp-json\/wp\/v2\/categories?post=345"},{"taxonomy":"post_tag","embeddable":true,"href":"http:\/\/www.dhk-galerie.de\/wordpress\/wp-json\/wp\/v2\/tags?post=345"}],"curies":[{"name":"wp","href":"https:\/\/api.w.org\/{rel}","templated":true}]}}