{"id":367,"date":"2009-07-04T08:46:38","date_gmt":"2009-07-04T06:46:38","guid":{"rendered":"http:\/\/www.dhk-galerie.de\/wordpress\/?p=367"},"modified":"2009-07-04T10:54:00","modified_gmt":"2009-07-04T08:54:00","slug":"sie-tut-sich-schwer-die-alte-dame","status":"publish","type":"post","link":"http:\/\/www.dhk-galerie.de\/wordpress\/blog\/2009\/07\/04\/sie-tut-sich-schwer-die-alte-dame\/","title":{"rendered":"Sie tut sich schwer, die &#8222;Alte Dame&#8220;"},"content":{"rendered":"<div><span style=\"font-size: small;\"><strong><span style=\"text-decoration: underline;\">Freitag, 3. Juli 2009, mein neuer Job?<\/span><\/strong><\/span><\/div>\n<p><span style=\"font-size: small;\">Die alte Dame &#8222;S\u00e4chsische Schweiz&#8220; tut sich schwer, h\u00e4lt sich bedeckt, gibt ihre Sch\u00f6nheiten nur z\u00f6gerlich preis! Vor rund 100Mio Jahren geboren hat sie diese Eigenarten bis heute nicht abgelegt. Viele Maler haben deshalb schon beinahe ihren Verstand verloren. Schon gestern lies sie uns nur kurz einen Einblick in ihr Innerstes gew\u00e4hren bevor sie vor Traurigkeit v\u00f6llig zerfloss. Und auch heute morgen ist sie bis oben hin zugekn\u00f6pft, eingepackt in dicke wei\u00dfe Wattenebel.<\/p>\n<p><\/span><\/p>\n<div id=\"attachment_370\" style=\"width: 440px\" class=\"wp-caption aligncenter\"><img loading=\"lazy\" decoding=\"async\" aria-describedby=\"caption-attachment-370\" class=\"size-full wp-image-370\" title=\"02_Nebel\" src=\"http:\/\/www.dhk-galerie.de\/wordpress\/wp-content\/uploads\/2009\/07\/02_Nebel.jpg\" alt=\"kein Durchblick\" width=\"430\" height=\"279\" srcset=\"http:\/\/www.dhk-galerie.de\/wordpress\/wp-content\/uploads\/2009\/07\/02_Nebel.jpg 430w, http:\/\/www.dhk-galerie.de\/wordpress\/wp-content\/uploads\/2009\/07\/02_Nebel-300x194.jpg 300w\" sizes=\"auto, (max-width: 430px) 100vw, 430px\" \/><p id=\"caption-attachment-370\" class=\"wp-caption-text\">kein Durchblick<\/p><\/div>\n<p>Dabei haben wir uns f\u00fcr heute nochmal eine richtig sch\u00f6ne Tour rausgesucht: von der Bastei \u00fcber Rathen und dem Lottersteig auf den Lilienstein.Und ich w\u00fcnschte das sich unsere G\u00e4ste nochmal richtig sattsehen k\u00f6nnen. Leider ist in Bad Schandau auf dem Markt und \u00fcberall dicker Nebel. Ich kenne den, verhei\u00dft er doch nichts Gutes. War ja auch logisch nach dieser Waschk\u00fcche gestern.<\/p>\n<div id=\"attachment_371\" style=\"width: 440px\" class=\"wp-caption aligncenter\"><img loading=\"lazy\" decoding=\"async\" aria-describedby=\"caption-attachment-371\" class=\"size-full wp-image-371\" title=\"03_Elbe\" src=\"http:\/\/www.dhk-galerie.de\/wordpress\/wp-content\/uploads\/2009\/07\/03_Elbe.jpg\" alt=\"tief unten die Elbe\" width=\"430\" height=\"268\" srcset=\"http:\/\/www.dhk-galerie.de\/wordpress\/wp-content\/uploads\/2009\/07\/03_Elbe.jpg 430w, http:\/\/www.dhk-galerie.de\/wordpress\/wp-content\/uploads\/2009\/07\/03_Elbe-300x186.jpg 300w\" sizes=\"auto, (max-width: 430px) 100vw, 430px\" \/><p id=\"caption-attachment-371\" class=\"wp-caption-text\">tief unten die Elbe<\/p><\/div>\n<p>Wir erhalten von Ren\u00e9 unsere Lunch-Pakete, fassen noch Wasser, und los gehts: in einem &#8222;stinknormalen&#8220; blauen VW-Bus f\u00e4hrt uns Ren\u00e8 zum Ausgangspunkt unserer Tour auf das Bastei-Platteau. Ren\u00e9 hatte gestern schon angedeutet das er heute lieber die &#8222;muffige&#8220; B\u00fcroluft vorzieht als mit uns durch&#8217;s Gr\u00fcne zu ziehen. Oder hat er blo\u00df nichts Trockenes zum Anziehen? Egal, ich spinge f\u00fcr ihn ein und beschlie\u00dfe innerlich schon mal die erste \u00c4nderung: wir gehen von der Bastei nicht die Schwedenl\u00f6cher runter sondern lieber \u00fcber die &#8222;Felsenburg Neurathen&#8220;. Meinen Wanderkollegen werde ich das schon verklickern.<\/p>\n<div id=\"attachment_369\" style=\"width: 440px\" class=\"wp-caption aligncenter\"><img loading=\"lazy\" decoding=\"async\" aria-describedby=\"caption-attachment-369\" class=\"size-full wp-image-369\" title=\"01_Aussicht\" src=\"http:\/\/www.dhk-galerie.de\/wordpress\/wp-content\/uploads\/2009\/07\/01_Aussicht.jpg\" alt=\"menschenleere Basteiaussicht\" width=\"430\" height=\"274\" srcset=\"http:\/\/www.dhk-galerie.de\/wordpress\/wp-content\/uploads\/2009\/07\/01_Aussicht.jpg 430w, http:\/\/www.dhk-galerie.de\/wordpress\/wp-content\/uploads\/2009\/07\/01_Aussicht-300x191.jpg 300w\" sizes=\"auto, (max-width: 430px) 100vw, 430px\" \/><p id=\"caption-attachment-369\" class=\"wp-caption-text\">menschenleere Basteiaussicht<\/p><\/div>\n<p>Jetzt gilt&#8217;s: Ren\u00e8 ist weg und ich bin allein mit unserer Gruppe. Irgendwie f\u00fchle ich mich als &#8222;Eenheemscher&#8220; (Einheimischer) verantwortlich f\u00fcr alle und wir stimmen unseren Tagesablauf ab. Ich erkl\u00e4re kurz die Entstehung dieses DDR-typischen Prunkbaues, der so untypisch f\u00fcr diese Landschaft ist und dann sind wir allein&#8230;im Nebel&#8230;auf der Bastei-Aussicht, ganz vorn, auf der Spitze, nur das Gel\u00e4nder h\u00e4lt uns zur\u00fcck. Und wir sehen: NICHTS! NULL! NOTHING! Schwer vorstellbar, das der Elbspiegel hier \u00fcber 100 m unter uns liegt. Durch den Nebel dringt der L\u00e4rm eines G\u00fcterzuges herauf, h\u00f6chstens als grobe Orientierung geeignet. Ich unternehme erst garnicht den Versuch irgendwas zu erkl\u00e4ren, so bleibt es bei einem &#8222;vernebelten&#8220; Gipfelfoto.<\/p>\n<div id=\"attachment_373\" style=\"width: 440px\" class=\"wp-caption aligncenter\"><img loading=\"lazy\" decoding=\"async\" aria-describedby=\"caption-attachment-373\" class=\"size-full wp-image-373\" title=\"05_Gans\" src=\"http:\/\/www.dhk-galerie.de\/wordpress\/wp-content\/uploads\/2009\/07\/05_Gans.jpg\" alt=\"Gansfelsen\" width=\"430\" height=\"632\" srcset=\"http:\/\/www.dhk-galerie.de\/wordpress\/wp-content\/uploads\/2009\/07\/05_Gans.jpg 430w, http:\/\/www.dhk-galerie.de\/wordpress\/wp-content\/uploads\/2009\/07\/05_Gans-204x300.jpg 204w\" sizes=\"auto, (max-width: 430px) 100vw, 430px\" \/><p id=\"caption-attachment-373\" class=\"wp-caption-text\">Gansfelsen<\/p><\/div>\n<p>Und dann passiert es doch: die alte Dame hat ein Einsehen mit uns, entbl\u00f6st sich. Langsam zwar und spielerisch, aber stetig! Nebelfetzen huschen an uns vorbei, geben erste Ein-und Tiefblicke frei. In eine Landschaft die so unglaublich sch\u00f6n und romatisch anzusehen ist, das auch ich, der hier geboren ist, lebt und arbeitet, immer wieder staune und Neues entdecke. Wie mag es da erst meinen Wanderkollegen ergehen? Ein bisschen erahne ich es: die Ausl\u00f6ser der Kameras rasseln wie verr\u00fcckt, Filme werden gewechselt, unterbrochen von Worten wie &#8222;Ah&#8220;, &#8222;Oh&#8220;, &#8222;Wow&#8220;. Ich erg\u00e4nze diese Worte durch ganze S\u00e4tze, versuche zu erkl\u00e4ren, was ich \u00fcber die umliegenden Gipfel und T\u00e4ler wei\u00df. Meine Wanderkollegen sind zufrieden, ich bin es auch, haben sie doch meine Wissensl\u00fccken nicht bemerkt.<\/p>\n<div id=\"attachment_372\" style=\"width: 440px\" class=\"wp-caption aligncenter\"><img loading=\"lazy\" decoding=\"async\" aria-describedby=\"caption-attachment-372\" class=\"size-full wp-image-372\" title=\"04_Lilienstein\" src=\"http:\/\/www.dhk-galerie.de\/wordpress\/wp-content\/uploads\/2009\/07\/04_Lilienstein.jpg\" alt=\"unser Tagesziel, der Lilienstein\" width=\"430\" height=\"299\" srcset=\"http:\/\/www.dhk-galerie.de\/wordpress\/wp-content\/uploads\/2009\/07\/04_Lilienstein.jpg 430w, http:\/\/www.dhk-galerie.de\/wordpress\/wp-content\/uploads\/2009\/07\/04_Lilienstein-300x208.jpg 300w\" sizes=\"auto, (max-width: 430px) 100vw, 430px\" \/><p id=\"caption-attachment-372\" class=\"wp-caption-text\">unser Tagesziel, der Lilienstein<\/p><\/div>\n<p>Wir kommen in Kurort Rathen an, wandern gen\u00fc\u00dflich am Elbufer durch schattigen Wald, steigen auf die H\u00f6he, es geht \u00fcber Felder und durch W\u00e4lder. Und das Gewitter ist auch wieder da, grummelt fern vor sich hin, schickt trotzdem noch einen Regenschauer, im Nordaufstieg m\u00fcssen wir die Regenjacken anziehen. Oben angekommen k\u00f6nnen wir sie wieder ausziehen und machen Picknick. Im Stile eines richtigen Bergf\u00fchrers spendiere ich einen Gipfelschnapps und wir entdecken die Aussichten, auf dem gr\u00f6\u00dften Tafelberg (415m) hier in der &#8222;S\u00e4chsischen&#8220;. Ich erkl\u00e4re analog zur Bastei was wir alles so sehen und meine Wanderkollegen sind wiederum zufrieden. K\u00f6nnte mir gefallen, der Job als Wanderf\u00fchrer.<\/p>\n<div id=\"attachment_374\" style=\"width: 440px\" class=\"wp-caption aligncenter\"><img loading=\"lazy\" decoding=\"async\" aria-describedby=\"caption-attachment-374\" class=\"size-full wp-image-374\" title=\"06_Aussicht\" src=\"http:\/\/www.dhk-galerie.de\/wordpress\/wp-content\/uploads\/2009\/07\/06_Aussicht.jpg\" alt=\"Aussicht vom Lilienstein\" width=\"430\" height=\"287\" srcset=\"http:\/\/www.dhk-galerie.de\/wordpress\/wp-content\/uploads\/2009\/07\/06_Aussicht.jpg 430w, http:\/\/www.dhk-galerie.de\/wordpress\/wp-content\/uploads\/2009\/07\/06_Aussicht-300x200.jpg 300w\" sizes=\"auto, (max-width: 430px) 100vw, 430px\" \/><p id=\"caption-attachment-374\" class=\"wp-caption-text\">Aussicht vom Lilienstein<\/p><\/div>\n<p>Es ist jetzt irgendwas um 00:00 Uhr und will noch schnell den Rest des Tages erz\u00e4hlen: mit dem Taxi wieder zur\u00fcck hat jeder im *****Hotel seine Fu\u00dfmassage genossen. Wir schw\u00e4rmen auf dem Papststein noch davon, wo wir zum Abendessen waren. &#8222;Wir&#8220; sind jetzt ein wenig mehr geworden: in Vorbereitung des morgigen Abschlussabends auf der Festung K\u00f6nigstein sind Vertreter der anderen Wanderzentren mit dabei: Anja z.B. aus dem Schwarzwald. Oder auch Hr. Hecht aus dem Vogtland. Und die Promotion-Agentur ist mit dabei der wir diese wunderbare Wandertour durch f\u00fcnf einmalige Wandergebiete zu verdanken haben! Yvonne, die Chefin vom S\u00e4chsischen Tourismusverband hat den Hut auf. Zum Ablauf des Abends sage ich nix, ihr habt es schon 13mal gelesen. Die f\u00fcnf-Sterne-Steifigkeit vom Begr\u00fc\u00dfungsabend ist jedenfalls schon lange verflogen!<\/p>\n<p>Morgen ist unser letzter gemeinsamer und ganzer Tag. Keiner redet davon, aber jeder denkt mit Entsetzen daran. Wir werden es ruhig angehen lassen. Ruhig? Ich muss verr\u00fcckt sein, entschlie\u00dfe mich zum Grundkurs im Felsklettern. Ein absolutes Novum f\u00fcr mich! Aber dar\u00fcber ist das letzte Wort noch nicht gesprochen&#8230;<\/p>\n<p>&#8222;Gut&#8217;s N\u00e4chtle&#8220;<\/p>\n","protected":false},"excerpt":{"rendered":"<p>Freitag, 3. Juli 2009, mein neuer Job? Die alte Dame &#8222;S\u00e4chsische Schweiz&#8220; tut sich schwer, h\u00e4lt sich bedeckt, gibt ihre Sch\u00f6nheiten nur z\u00f6gerlich preis! Vor rund 100Mio Jahren geboren hat sie diese Eigenarten bis heute nicht abgelegt. Viele Maler haben deshalb schon beinahe ihren Verstand verloren. Schon gestern lies sie uns nur kurz einen Einblick [&hellip;]<\/p>\n","protected":false},"author":2,"featured_media":0,"comment_status":"open","ping_status":"open","sticky":false,"template":"","format":"standard","meta":{"footnotes":""},"categories":[1],"tags":[],"class_list":["post-367","post","type-post","status-publish","format-standard","hentry","category-allgemein"],"_links":{"self":[{"href":"http:\/\/www.dhk-galerie.de\/wordpress\/wp-json\/wp\/v2\/posts\/367","targetHints":{"allow":["GET"]}}],"collection":[{"href":"http:\/\/www.dhk-galerie.de\/wordpress\/wp-json\/wp\/v2\/posts"}],"about":[{"href":"http:\/\/www.dhk-galerie.de\/wordpress\/wp-json\/wp\/v2\/types\/post"}],"author":[{"embeddable":true,"href":"http:\/\/www.dhk-galerie.de\/wordpress\/wp-json\/wp\/v2\/users\/2"}],"replies":[{"embeddable":true,"href":"http:\/\/www.dhk-galerie.de\/wordpress\/wp-json\/wp\/v2\/comments?post=367"}],"version-history":[{"count":3,"href":"http:\/\/www.dhk-galerie.de\/wordpress\/wp-json\/wp\/v2\/posts\/367\/revisions"}],"predecessor-version":[{"id":375,"href":"http:\/\/www.dhk-galerie.de\/wordpress\/wp-json\/wp\/v2\/posts\/367\/revisions\/375"}],"wp:attachment":[{"href":"http:\/\/www.dhk-galerie.de\/wordpress\/wp-json\/wp\/v2\/media?parent=367"}],"wp:term":[{"taxonomy":"category","embeddable":true,"href":"http:\/\/www.dhk-galerie.de\/wordpress\/wp-json\/wp\/v2\/categories?post=367"},{"taxonomy":"post_tag","embeddable":true,"href":"http:\/\/www.dhk-galerie.de\/wordpress\/wp-json\/wp\/v2\/tags?post=367"}],"curies":[{"name":"wp","href":"https:\/\/api.w.org\/{rel}","templated":true}]}}