{"id":377,"date":"2009-07-04T11:05:50","date_gmt":"2009-07-04T09:05:50","guid":{"rendered":"http:\/\/www.dhk-galerie.de\/wordpress\/?p=377"},"modified":"2009-07-04T11:05:50","modified_gmt":"2009-07-04T09:05:50","slug":"und-ich-bin-doch-verruckt","status":"publish","type":"post","link":"http:\/\/www.dhk-galerie.de\/wordpress\/blog\/2009\/07\/04\/und-ich-bin-doch-verruckt\/","title":{"rendered":"Und ich bin doch verr\u00fcckt"},"content":{"rendered":"<p>In 30 Minuten gehts los, ich soll mit auf die &#8222;Tante&#8220;, einem bekannten Klettergipfel. Etwas mulmig ist mir schon hab ich doch sowas noch nie gemacht&#8230;notfalls passe ich eben auf die Rucks\u00e4cke unten auf. Da brauchen die auch jemand! Ich will ja nicht mit Gips heute Abend auf der Festung K\u00f6nigstein erscheinen. Sogar Hr. Br\u00e4hmig hat sich angek\u00fcndigt! Muss also schon was wichtsches sein.<\/p>\n<p>Den n\u00e4chsten Bericht gibts morgen, zu Hause von meiner Terasse. Wenn alles vorbei ist. Aber was hei\u00dft schon &#8222;vorbei&#8220;, mich wird diese Tour jedenfalls noch lange besch\u00e4ftigen.<\/p>\n<p>Und jetzt dr\u00fcckt mir die Daumen!<\/p>\n","protected":false},"excerpt":{"rendered":"<p>In 30 Minuten gehts los, ich soll mit auf die &#8222;Tante&#8220;, einem bekannten Klettergipfel. Etwas mulmig ist mir schon hab ich doch sowas noch nie gemacht&#8230;notfalls passe ich eben auf die Rucks\u00e4cke unten auf. Da brauchen die auch jemand! Ich will ja nicht mit Gips heute Abend auf der Festung K\u00f6nigstein erscheinen. Sogar Hr. Br\u00e4hmig [&hellip;]<\/p>\n","protected":false},"author":2,"featured_media":0,"comment_status":"open","ping_status":"open","sticky":false,"template":"","format":"standard","meta":{"footnotes":""},"categories":[1],"tags":[],"class_list":["post-377","post","type-post","status-publish","format-standard","hentry","category-allgemein"],"_links":{"self":[{"href":"http:\/\/www.dhk-galerie.de\/wordpress\/wp-json\/wp\/v2\/posts\/377","targetHints":{"allow":["GET"]}}],"collection":[{"href":"http:\/\/www.dhk-galerie.de\/wordpress\/wp-json\/wp\/v2\/posts"}],"about":[{"href":"http:\/\/www.dhk-galerie.de\/wordpress\/wp-json\/wp\/v2\/types\/post"}],"author":[{"embeddable":true,"href":"http:\/\/www.dhk-galerie.de\/wordpress\/wp-json\/wp\/v2\/users\/2"}],"replies":[{"embeddable":true,"href":"http:\/\/www.dhk-galerie.de\/wordpress\/wp-json\/wp\/v2\/comments?post=377"}],"version-history":[{"count":1,"href":"http:\/\/www.dhk-galerie.de\/wordpress\/wp-json\/wp\/v2\/posts\/377\/revisions"}],"predecessor-version":[{"id":378,"href":"http:\/\/www.dhk-galerie.de\/wordpress\/wp-json\/wp\/v2\/posts\/377\/revisions\/378"}],"wp:attachment":[{"href":"http:\/\/www.dhk-galerie.de\/wordpress\/wp-json\/wp\/v2\/media?parent=377"}],"wp:term":[{"taxonomy":"category","embeddable":true,"href":"http:\/\/www.dhk-galerie.de\/wordpress\/wp-json\/wp\/v2\/categories?post=377"},{"taxonomy":"post_tag","embeddable":true,"href":"http:\/\/www.dhk-galerie.de\/wordpress\/wp-json\/wp\/v2\/tags?post=377"}],"curies":[{"name":"wp","href":"https:\/\/api.w.org\/{rel}","templated":true}]}}