{"id":379,"date":"2009-07-04T17:09:51","date_gmt":"2009-07-04T15:09:51","guid":{"rendered":"http:\/\/www.dhk-galerie.de\/wordpress\/?p=379"},"modified":"2009-07-04T17:09:51","modified_gmt":"2009-07-04T15:09:51","slug":"es-hatte-eine-funf-werden-konnen","status":"publish","type":"post","link":"http:\/\/www.dhk-galerie.de\/wordpress\/blog\/2009\/07\/04\/es-hatte-eine-funf-werden-konnen\/","title":{"rendered":"Es h\u00e4tte eine F\u00fcnf werden k\u00f6nnen!"},"content":{"rendered":"<p>Leute ich sag&#8217;s euch: beinahe h\u00e4tte ich eine &#8222;5&#8220; geklettert, das erste Mal in meinem Leben! Wenn&#8230;ja wenn nicht wieder dieses bl\u00f6de Gewitter gekommen w\u00e4re. Schon auf dem Anmarsch zum Klettergipfel grollt es wieder am Horizont. Wir hasten voran, kommen au\u00dfer Atem an der &#8222;Tante&#8220; an, die ersten legen sofort das Kletterzeug an. Ich als Gentleman lasse nat\u00fcrlich den Damen den Vortritt&#8230;und ich beobachte das Gewitter. Die M\u00e4dels machen sich &#8222;warm&#8220; an zehn Meter Fels, unterst\u00fczt von Yvonne, der Patrik aus Baiersbronn macht sich auf die &#8222;Tante&#8220; zu erobern. Er wird der einzige sein der es schafft.\u00a0Das Gewitter ist ganz nah, wir packen ganz schnell zusammen und erreichen gerade noch trocken den Hoteleingang. Uff&#8230;das war knapp.<\/p>\n<p>ps: ihr habt es sicher schon rausgelesen, nie im Leben h\u00e4tte ich die &#8222;Tante&#8220; bestiegen, werder bei Gewitter noch bei Sonne. Dieser Gipfel steht so frei, das du schon beim Anlehnen deknst: jetzt kippt er gleich um! Und eine &#8222;5&#8220;? F\u00fcr mich war es mindestens eine 10C&#8230; Ich wei\u00df schon warum ich in 47 Jahren noch nie geklettert bin! Etwas habe ich aber doch mitbekommen: ich wei\u00df jetzt wo der &#8222;Fr\u00fchst\u00fccksplatz&#8220; ist, mitten in den Schrammsteinen und f\u00fcr die &#8222;Normalos&#8220; nicht zu erreichen. Hier muss ich unbedingt mit Sylvia nochmal her!<\/p>\n<p>Nun aber wirklich bis morgen&#8230;tsch\u00fcssi<\/p>\n","protected":false},"excerpt":{"rendered":"<p>Leute ich sag&#8217;s euch: beinahe h\u00e4tte ich eine &#8222;5&#8220; geklettert, das erste Mal in meinem Leben! Wenn&#8230;ja wenn nicht wieder dieses bl\u00f6de Gewitter gekommen w\u00e4re. Schon auf dem Anmarsch zum Klettergipfel grollt es wieder am Horizont. Wir hasten voran, kommen au\u00dfer Atem an der &#8222;Tante&#8220; an, die ersten legen sofort das Kletterzeug an. Ich als [&hellip;]<\/p>\n","protected":false},"author":2,"featured_media":0,"comment_status":"open","ping_status":"open","sticky":false,"template":"","format":"standard","meta":{"footnotes":""},"categories":[1],"tags":[],"class_list":["post-379","post","type-post","status-publish","format-standard","hentry","category-allgemein"],"_links":{"self":[{"href":"http:\/\/www.dhk-galerie.de\/wordpress\/wp-json\/wp\/v2\/posts\/379","targetHints":{"allow":["GET"]}}],"collection":[{"href":"http:\/\/www.dhk-galerie.de\/wordpress\/wp-json\/wp\/v2\/posts"}],"about":[{"href":"http:\/\/www.dhk-galerie.de\/wordpress\/wp-json\/wp\/v2\/types\/post"}],"author":[{"embeddable":true,"href":"http:\/\/www.dhk-galerie.de\/wordpress\/wp-json\/wp\/v2\/users\/2"}],"replies":[{"embeddable":true,"href":"http:\/\/www.dhk-galerie.de\/wordpress\/wp-json\/wp\/v2\/comments?post=379"}],"version-history":[{"count":1,"href":"http:\/\/www.dhk-galerie.de\/wordpress\/wp-json\/wp\/v2\/posts\/379\/revisions"}],"predecessor-version":[{"id":380,"href":"http:\/\/www.dhk-galerie.de\/wordpress\/wp-json\/wp\/v2\/posts\/379\/revisions\/380"}],"wp:attachment":[{"href":"http:\/\/www.dhk-galerie.de\/wordpress\/wp-json\/wp\/v2\/media?parent=379"}],"wp:term":[{"taxonomy":"category","embeddable":true,"href":"http:\/\/www.dhk-galerie.de\/wordpress\/wp-json\/wp\/v2\/categories?post=379"},{"taxonomy":"post_tag","embeddable":true,"href":"http:\/\/www.dhk-galerie.de\/wordpress\/wp-json\/wp\/v2\/tags?post=379"}],"curies":[{"name":"wp","href":"https:\/\/api.w.org\/{rel}","templated":true}]}}