{"id":381,"date":"2009-07-05T15:36:28","date_gmt":"2009-07-05T13:36:28","guid":{"rendered":"http:\/\/www.dhk-galerie.de\/wordpress\/?p=381"},"modified":"2009-07-09T12:52:53","modified_gmt":"2009-07-09T10:52:53","slug":"widor-dorheeme-wieder-zuhause","status":"publish","type":"post","link":"http:\/\/www.dhk-galerie.de\/wordpress\/blog\/2009\/07\/05\/widor-dorheeme-wieder-zuhause\/","title":{"rendered":"widor dorheeme (wieder zuhause)"},"content":{"rendered":"<div><span style=\"font-size: small;\"><strong><span style=\"text-decoration: underline;\">Sonntag, 05. Juli 2009, kein Abschlussbericht<\/span><\/strong><\/span><\/div>\n<div><span style=\"font-size: small;\">Es ist jetzt 15:00 Uhr und ich sitze zu Hause auf meiner Terasse. Sonne pur und no-Limit-T-DSL. Ein spektakul\u00e4res Ereignis findet f\u00fcr mich (und Sylvia!) heute ein Ende. Die Gedanken kreisen im Kopf: Baiersbronn, Echternach, Winterberg, Sch\u00f6neck, Bad Schandau. All diesen f\u00fcnf Stationen durfte ich in den letzten Tagen einen Besuch abstatten. Nicht alleine sondern mit sieben \u00e4u\u00dferst netten Wanderkolleginnen und Kollegen, die alle aus dem gleiche Grunde am Start waren, dem Start zu einer Rallye auf Sohlen&#8230;Wandersohlen&#8230;Wanderschuhsohlen, jetzt hab ich&#8217;s.<\/span><\/div>\n<p><span style=\"font-size: small;\">Da ist die Lomo-Inge, eine Perle aus B\u00f6blingen, mit der ich manchen Wein und Willy verkostet habe. Oder die charmante Luxemburgerin Elisabeth, die von unserem Sandstein hier schwer beeindruckt ist. Der Stefanie aus Innsbruck habe ich ein lautes &#8222;Boah&#8220; entlockt als sie die Wirkung eines Polfilters auf einem 10mm-Weitwinkelobjektiv sah. Die andere Steffie (wieder falsch geschrieben???) ist gelegentlich Pfadfinderin, immer lustig und vergn\u00fcgt, bei ihren Kids f\u00fchlt sie sich wohl und diese genaus so bei ihr. Ilka, meine s\u00e4chsische Kollegin aus Radeberg, d\u00fcrfte nur unwesentlich sp\u00e4ter\u00a0zu Hause sein als ich. Reinhard, der etwas kauzige Typ, der manchmal einen spontanen Ablacher produziert. Ich hab nicht mal gesehen wie er heute mit seinem tollen Lederkoffer losgezogen ist. Und Micha, also der (t)-mobile Micha, der erste Mann mit dem ich gemeinsam in der Badewanne sa\u00df. Oh mann, mir ist als w\u00e4re es erst gestern gewesen. Von all diesen lieben Leute, und noch von Vielen mehr, mu\u00dfte ich mich heut morgen verabschieden. Lustig war&#8217;s, wie immer bei uns! Traurig auch, logo&#8230;aber die eMails sind getauscht und so werden die neuen Nachrichten nicht lange auf sich warten lassen. Ich muss doch wissen ob auch alle gut nach Hause gekommen sind!<\/p>\n<p>Nach Hause&#8230;daran hat wohl keiner w\u00e4hrend dieses gro\u00dfartigen Abschlu\u00dfabends gestern auf der Festung K\u00f6nigstein gedacht. Yvonne vom hie\u00dfigen Tourismusverand und Ren\u00e9 aus der Info in Bad Schandau lassen es nochmal so richtig krachen. Mit Wanderschuhzielwurf, dem schnellsten An- und Auszieher (nur die Wandersachen!!!) oder einem Balance-Spiel wird es sehr kurzweilig. Nebenbei werde ich zum besten Blogger gek\u00fchrt und erhalte, na was wohl&#8230;einen Wanderrucksack! (ICH KANN KEINE RUCKS\u00c4CKE MEHR SEHEN). Ein Fackelumzug auf dem Festungsplatteau beschlie\u00dft unseren Abend. Liebe Yvonne, lieber Ren\u00e9: gro\u00dfartig gemacht! Herzlichen Dank euch beiden f\u00fcr die wundervolle Betreuung hier in meiner Heimat! Wir werden uns bestimmt wiedersehen!<\/p>\n<p>Neben mir auf dem Tisch liegt mein kleines rotes Notizbuch das immer mein Begleiter war und meine Ideen f\u00fcr diesen Blog hier festgehalten hat. Und dabei konnte ich nur Bruchteile schreiben, genug Material ist noch vorhanden um einen \u00e4hnlichen Blogg zu gestalten. Vieleicht baue ich mir ja mal ein Fotobuch \u00fcber meine Tour: Wo&#8217;s am Sch\u00f6nsten war wollt ihr wissen? Leute, stellt mir nicht so eine Frage! Ich kann es nicht sagen. Und es w\u00e4re ungerecht allen anderen Regionen gegen\u00fcber einen Sieger zu benennen! BaierEchterWinterSch\u00f6nBad, ja: das triffts genau!<\/p>\n<p>Ich bin nun am Ende mit meinem Geschreibsel, danke allen Lesern und Kommentatoren, das ihr bis hierher durchgehalten habt. Aber l\u00f6scht bitte diesen Blog noch nicht gleich aus den Favoriten! Ich werde immer mal wieder, je nach Lust und Zeit hier weiter schreiben. Denn zu Hause zu sein bedeutet noch lange nicht das ich am Ende bin. Als n\u00e4chstes habe ich einen Artikel nur mit Bildern geplant, die sind hier viel zu kurz gekommen. So wie manche Nachtstunde, die ich f\u00fcr diesen Blog geopfert habe.<\/p>\n<p>Also, bis die Tage mal wieder, machts gut!<\/p>\n<p>Sodele und Tsch\u00fcssele (schw\u00e4bisch)<\/p>\n<p>euer Thomas<\/p>\n<p>\u00a0<\/p>\n<p>\u00a0<\/p>\n<p>\u00a0<\/p>\n<p><\/span><\/p>\n","protected":false},"excerpt":{"rendered":"<p>Sonntag, 05. Juli 2009, kein Abschlussbericht Es ist jetzt 15:00 Uhr und ich sitze zu Hause auf meiner Terasse. Sonne pur und no-Limit-T-DSL. Ein spektakul\u00e4res Ereignis findet f\u00fcr mich (und Sylvia!) heute ein Ende. Die Gedanken kreisen im Kopf: Baiersbronn, Echternach, Winterberg, Sch\u00f6neck, Bad Schandau. All diesen f\u00fcnf Stationen durfte ich in den letzten Tagen [&hellip;]<\/p>\n","protected":false},"author":2,"featured_media":0,"comment_status":"open","ping_status":"open","sticky":false,"template":"","format":"standard","meta":{"footnotes":""},"categories":[1],"tags":[],"class_list":["post-381","post","type-post","status-publish","format-standard","hentry","category-allgemein"],"_links":{"self":[{"href":"http:\/\/www.dhk-galerie.de\/wordpress\/wp-json\/wp\/v2\/posts\/381","targetHints":{"allow":["GET"]}}],"collection":[{"href":"http:\/\/www.dhk-galerie.de\/wordpress\/wp-json\/wp\/v2\/posts"}],"about":[{"href":"http:\/\/www.dhk-galerie.de\/wordpress\/wp-json\/wp\/v2\/types\/post"}],"author":[{"embeddable":true,"href":"http:\/\/www.dhk-galerie.de\/wordpress\/wp-json\/wp\/v2\/users\/2"}],"replies":[{"embeddable":true,"href":"http:\/\/www.dhk-galerie.de\/wordpress\/wp-json\/wp\/v2\/comments?post=381"}],"version-history":[{"count":4,"href":"http:\/\/www.dhk-galerie.de\/wordpress\/wp-json\/wp\/v2\/posts\/381\/revisions"}],"predecessor-version":[{"id":383,"href":"http:\/\/www.dhk-galerie.de\/wordpress\/wp-json\/wp\/v2\/posts\/381\/revisions\/383"}],"wp:attachment":[{"href":"http:\/\/www.dhk-galerie.de\/wordpress\/wp-json\/wp\/v2\/media?parent=381"}],"wp:term":[{"taxonomy":"category","embeddable":true,"href":"http:\/\/www.dhk-galerie.de\/wordpress\/wp-json\/wp\/v2\/categories?post=381"},{"taxonomy":"post_tag","embeddable":true,"href":"http:\/\/www.dhk-galerie.de\/wordpress\/wp-json\/wp\/v2\/tags?post=381"}],"curies":[{"name":"wp","href":"https:\/\/api.w.org\/{rel}","templated":true}]}}