{"id":385,"date":"2009-07-08T08:00:58","date_gmt":"2009-07-08T06:00:58","guid":{"rendered":"http:\/\/www.dhk-galerie.de\/wordpress\/?p=385"},"modified":"2009-07-08T08:00:58","modified_gmt":"2009-07-08T06:00:58","slug":"10-000-zeichen","status":"publish","type":"post","link":"http:\/\/www.dhk-galerie.de\/wordpress\/blog\/2009\/07\/08\/10-000-zeichen\/","title":{"rendered":"10.000 Zeichen"},"content":{"rendered":"<p><strong><span style=\"text-decoration: underline;\">Mittwoch, 08. Juli 2009<\/span><\/strong><\/p>\n<p>Verena hat gesagt nach 10.000 Zeichen ist Schluss! Inklusive Leerzeichen! Hm\u2026wie soll das gehen?<\/p>\n<p>F\u00fcr alle die nicht wissen worum es jetzt geht: alle Wanderrallye-Teilnehmer haben noch mal die M\u00f6glichkeit einen Bericht \u00fcber diese 16 Rallye-Tage zu verfassen und sich die Chance auf den Hauptpreis, eine Woche mit Partner in einer beliebigen Best-of-Wandern-Region, zu bewahren.<\/p>\n<p>Und daf\u00fcr d\u00fcrfen wir eben nur 10.000 Anschl\u00e4ge verwenden. Sind zwei DIN-A4-Seiten. Die k\u00f6nnte ich alleine schon mit dem Schwarzwald f\u00fcllen. Oder dem M\u00fcllerthal\u2026oder, oder, oder\u2026 Sie hat uns die Entscheidung \u00fcberlassen was wir streichen und was nicht. Ich hab schon \u00fcberlegt ob ich einfach alle \u201ea\u201c oder \u201ee\u201c rauskopiere. Da steht dann von jedem Tag was drin. Aber wer soll da durchsehen?<\/p>\n<p>Und 10 Fotos d\u00fcrfen wir einreichen! In Worten: ZEHN! Wieder so ein Unding! \u00dcberschl\u00e4gig habe ich ungef\u00e4hr 1200 Bilder von den f\u00fcnf Wanderregionen mitgebracht. Nat\u00fcrlich nicht alle zum Vorzeigen, sind doch da auch Doppelte und Experimentelle dabei, wie es eben bei Digitalos so \u00fcblich ist. Aber nur Zehn???<\/p>\n<p>Immer diese Entscheidungen\u2026<\/p>\n","protected":false},"excerpt":{"rendered":"<p>Mittwoch, 08. Juli 2009 Verena hat gesagt nach 10.000 Zeichen ist Schluss! Inklusive Leerzeichen! Hm\u2026wie soll das gehen? F\u00fcr alle die nicht wissen worum es jetzt geht: alle Wanderrallye-Teilnehmer haben noch mal die M\u00f6glichkeit einen Bericht \u00fcber diese 16 Rallye-Tage zu verfassen und sich die Chance auf den Hauptpreis, eine Woche mit Partner in einer [&hellip;]<\/p>\n","protected":false},"author":2,"featured_media":0,"comment_status":"open","ping_status":"open","sticky":false,"template":"","format":"standard","meta":{"footnotes":""},"categories":[1],"tags":[],"class_list":["post-385","post","type-post","status-publish","format-standard","hentry","category-allgemein"],"_links":{"self":[{"href":"http:\/\/www.dhk-galerie.de\/wordpress\/wp-json\/wp\/v2\/posts\/385","targetHints":{"allow":["GET"]}}],"collection":[{"href":"http:\/\/www.dhk-galerie.de\/wordpress\/wp-json\/wp\/v2\/posts"}],"about":[{"href":"http:\/\/www.dhk-galerie.de\/wordpress\/wp-json\/wp\/v2\/types\/post"}],"author":[{"embeddable":true,"href":"http:\/\/www.dhk-galerie.de\/wordpress\/wp-json\/wp\/v2\/users\/2"}],"replies":[{"embeddable":true,"href":"http:\/\/www.dhk-galerie.de\/wordpress\/wp-json\/wp\/v2\/comments?post=385"}],"version-history":[{"count":1,"href":"http:\/\/www.dhk-galerie.de\/wordpress\/wp-json\/wp\/v2\/posts\/385\/revisions"}],"predecessor-version":[{"id":386,"href":"http:\/\/www.dhk-galerie.de\/wordpress\/wp-json\/wp\/v2\/posts\/385\/revisions\/386"}],"wp:attachment":[{"href":"http:\/\/www.dhk-galerie.de\/wordpress\/wp-json\/wp\/v2\/media?parent=385"}],"wp:term":[{"taxonomy":"category","embeddable":true,"href":"http:\/\/www.dhk-galerie.de\/wordpress\/wp-json\/wp\/v2\/categories?post=385"},{"taxonomy":"post_tag","embeddable":true,"href":"http:\/\/www.dhk-galerie.de\/wordpress\/wp-json\/wp\/v2\/tags?post=385"}],"curies":[{"name":"wp","href":"https:\/\/api.w.org\/{rel}","templated":true}]}}