{"id":408,"date":"2009-07-16T09:38:12","date_gmt":"2009-07-16T07:38:12","guid":{"rendered":"http:\/\/www.dhk-galerie.de\/wordpress\/?p=408"},"modified":"2009-07-16T09:44:30","modified_gmt":"2009-07-16T07:44:30","slug":"bilder-aus-dem-schwarzwald","status":"publish","type":"post","link":"http:\/\/www.dhk-galerie.de\/wordpress\/blog\/2009\/07\/16\/bilder-aus-dem-schwarzwald\/","title":{"rendered":"Bilder aus dem Schwarzwald"},"content":{"rendered":"<p>Wie angek\u00fcndigt zeige ich hier\u00a0in loser Folge immer mal wieder ein paar Bilder, zuerst welche aus dem Schwarzwald, unserem ersten Etappenziel. Es sind dies keine fotografischen Hits, sie sollen\u00a0die ganze Wanderrallye nur noch ein wenig dokumentarisch unterst\u00fctzen. Mit Erkl\u00e4rungen zu den Bildern halte ich mich zur\u00fcck, ich versuche alles Wichtige in den Bilduntertitel zu bekommen.<\/p>\n<div id=\"attachment_405\" style=\"width: 440px\" class=\"wp-caption aligncenter\"><img loading=\"lazy\" decoding=\"async\" aria-describedby=\"caption-attachment-405\" class=\"size-full wp-image-405  \" title=\"Blog_MG_8724\" src=\"http:\/\/www.dhk-galerie.de\/wordpress\/wp-content\/uploads\/2009\/07\/Blog_MG_8724.jpg\" alt=\"Frauenquote erf\u00fcllt! (Stefanie, Steffi, Inge, Elisabeth, Anja v.l.)\" width=\"430\" height=\"290\" srcset=\"http:\/\/www.dhk-galerie.de\/wordpress\/wp-content\/uploads\/2009\/07\/Blog_MG_8724.jpg 430w, http:\/\/www.dhk-galerie.de\/wordpress\/wp-content\/uploads\/2009\/07\/Blog_MG_8724-300x202.jpg 300w\" sizes=\"auto, (max-width: 430px) 100vw, 430px\" \/><p id=\"caption-attachment-405\" class=\"wp-caption-text\">Frauenquote erf\u00fcllt! (v.l. Stefanie, Ilka (verdeckt) Steffi, Inge, Elisabeth, Anja )<\/p><\/div>\n<div id=\"attachment_403\" style=\"width: 440px\" class=\"wp-caption aligncenter\"><img loading=\"lazy\" decoding=\"async\" aria-describedby=\"caption-attachment-403\" class=\"size-full wp-image-403\" title=\"05_Lupinen\" src=\"http:\/\/www.dhk-galerie.de\/wordpress\/wp-content\/uploads\/2009\/07\/05_Lupinen.jpg\" alt=\"Lupinen am Wegesrand\" width=\"430\" height=\"297\" srcset=\"http:\/\/www.dhk-galerie.de\/wordpress\/wp-content\/uploads\/2009\/07\/05_Lupinen.jpg 430w, http:\/\/www.dhk-galerie.de\/wordpress\/wp-content\/uploads\/2009\/07\/05_Lupinen-300x207.jpg 300w\" sizes=\"auto, (max-width: 430px) 100vw, 430px\" \/><p id=\"caption-attachment-403\" class=\"wp-caption-text\">Lupinen am Wegesrand<\/p><\/div>\n<p>\u00a0<\/p>\n<div id=\"attachment_390\" style=\"width: 440px\" class=\"wp-caption aligncenter\"><img loading=\"lazy\" decoding=\"async\" aria-describedby=\"caption-attachment-390\" class=\"size-full wp-image-390\" title=\"_MG_0042\" src=\"http:\/\/www.dhk-galerie.de\/wordpress\/wp-content\/uploads\/2009\/07\/MG_0042.jpg\" alt=\"kleiner Wasserfall am Wegesrand\" width=\"430\" height=\"277\" srcset=\"http:\/\/www.dhk-galerie.de\/wordpress\/wp-content\/uploads\/2009\/07\/MG_0042.jpg 430w, http:\/\/www.dhk-galerie.de\/wordpress\/wp-content\/uploads\/2009\/07\/MG_0042-300x193.jpg 300w\" sizes=\"auto, (max-width: 430px) 100vw, 430px\" \/><p id=\"caption-attachment-390\" class=\"wp-caption-text\">kleiner Wasserfall am Wegesrand<\/p><\/div>\n<div id=\"attachment_397\" style=\"width: 440px\" class=\"wp-caption aligncenter\"><img loading=\"lazy\" decoding=\"async\" aria-describedby=\"caption-attachment-397\" class=\"size-full wp-image-397\" title=\"_MG_8751\" src=\"http:\/\/www.dhk-galerie.de\/wordpress\/wp-content\/uploads\/2009\/07\/MG_8751.jpg\" alt=\"Baumflechte am Wegesrand\" width=\"430\" height=\"295\" srcset=\"http:\/\/www.dhk-galerie.de\/wordpress\/wp-content\/uploads\/2009\/07\/MG_8751.jpg 430w, http:\/\/www.dhk-galerie.de\/wordpress\/wp-content\/uploads\/2009\/07\/MG_8751-300x205.jpg 300w\" sizes=\"auto, (max-width: 430px) 100vw, 430px\" \/><p id=\"caption-attachment-397\" class=\"wp-caption-text\">Baumflechte am Wegesrand<\/p><\/div>\n<div id=\"attachment_394\" style=\"width: 440px\" class=\"wp-caption aligncenter\"><img loading=\"lazy\" decoding=\"async\" aria-describedby=\"caption-attachment-394\" class=\"size-full wp-image-394\" title=\"_MG_0109\" src=\"http:\/\/www.dhk-galerie.de\/wordpress\/wp-content\/uploads\/2009\/07\/MG_0109.jpg\" alt=\"typisches Schwarzwalddorf I\" width=\"430\" height=\"282\" srcset=\"http:\/\/www.dhk-galerie.de\/wordpress\/wp-content\/uploads\/2009\/07\/MG_0109.jpg 430w, http:\/\/www.dhk-galerie.de\/wordpress\/wp-content\/uploads\/2009\/07\/MG_0109-300x196.jpg 300w\" sizes=\"auto, (max-width: 430px) 100vw, 430px\" \/><p id=\"caption-attachment-394\" class=\"wp-caption-text\">typisches Schwarzwalddorf I<\/p><\/div>\n<div id=\"attachment_398\" style=\"width: 440px\" class=\"wp-caption aligncenter\"><img loading=\"lazy\" decoding=\"async\" aria-describedby=\"caption-attachment-398\" class=\"size-full wp-image-398\" title=\"_MG_8805\" src=\"http:\/\/www.dhk-galerie.de\/wordpress\/wp-content\/uploads\/2009\/07\/MG_8805.jpg\" alt=\"typisches Schwarzwalddorf II\" width=\"430\" height=\"297\" srcset=\"http:\/\/www.dhk-galerie.de\/wordpress\/wp-content\/uploads\/2009\/07\/MG_8805.jpg 430w, http:\/\/www.dhk-galerie.de\/wordpress\/wp-content\/uploads\/2009\/07\/MG_8805-300x207.jpg 300w\" sizes=\"auto, (max-width: 430px) 100vw, 430px\" \/><p id=\"caption-attachment-398\" class=\"wp-caption-text\">typisches Schwarzwalddorf II<\/p><\/div>\n<div id=\"attachment_401\" style=\"width: 440px\" class=\"wp-caption aligncenter\"><img loading=\"lazy\" decoding=\"async\" aria-describedby=\"caption-attachment-401\" class=\"size-full wp-image-401\" title=\"02_kahl\" src=\"http:\/\/www.dhk-galerie.de\/wordpress\/wp-content\/uploads\/2009\/07\/02_kahl.jpg\" alt=\"das war &quot;Lothar&quot;\" width=\"430\" height=\"283\" srcset=\"http:\/\/www.dhk-galerie.de\/wordpress\/wp-content\/uploads\/2009\/07\/02_kahl.jpg 430w, http:\/\/www.dhk-galerie.de\/wordpress\/wp-content\/uploads\/2009\/07\/02_kahl-300x197.jpg 300w\" sizes=\"auto, (max-width: 430px) 100vw, 430px\" \/><p id=\"caption-attachment-401\" class=\"wp-caption-text\">das war &quot;Lothar&quot;<\/p><\/div>\n<div id=\"attachment_399\" style=\"width: 440px\" class=\"wp-caption aligncenter\"><img loading=\"lazy\" decoding=\"async\" aria-describedby=\"caption-attachment-399\" class=\"size-full wp-image-399\" title=\"_MG_8822\" src=\"http:\/\/www.dhk-galerie.de\/wordpress\/wp-content\/uploads\/2009\/07\/MG_8822.jpg\" alt=\"das war auch der &quot;Lothar&quot;\" width=\"430\" height=\"513\" srcset=\"http:\/\/www.dhk-galerie.de\/wordpress\/wp-content\/uploads\/2009\/07\/MG_8822.jpg 430w, http:\/\/www.dhk-galerie.de\/wordpress\/wp-content\/uploads\/2009\/07\/MG_8822-251x300.jpg 251w\" sizes=\"auto, (max-width: 430px) 100vw, 430px\" \/><p id=\"caption-attachment-399\" class=\"wp-caption-text\">das war auch der &quot;Lothar&quot;<\/p><\/div>\n<div id=\"attachment_400\" style=\"width: 440px\" class=\"wp-caption aligncenter\"><img loading=\"lazy\" decoding=\"async\" aria-describedby=\"caption-attachment-400\" class=\"size-full wp-image-400\" title=\"_MG_8828\" src=\"http:\/\/www.dhk-galerie.de\/wordpress\/wp-content\/uploads\/2009\/07\/MG_8828.jpg\" alt=\"Tod und Leben sind nah beieinander\" width=\"430\" height=\"598\" srcset=\"http:\/\/www.dhk-galerie.de\/wordpress\/wp-content\/uploads\/2009\/07\/MG_8828.jpg 430w, http:\/\/www.dhk-galerie.de\/wordpress\/wp-content\/uploads\/2009\/07\/MG_8828-215x300.jpg 215w\" sizes=\"auto, (max-width: 430px) 100vw, 430px\" \/><p id=\"caption-attachment-400\" class=\"wp-caption-text\">Tod und Leben sind nah beieinander<\/p><\/div>\n<div id=\"attachment_404\" style=\"width: 440px\" class=\"wp-caption aligncenter\"><img loading=\"lazy\" decoding=\"async\" aria-describedby=\"caption-attachment-404\" class=\"size-full wp-image-404 \" title=\"06_Aussicht\" src=\"http:\/\/www.dhk-galerie.de\/wordpress\/wp-content\/uploads\/2009\/07\/06_Aussicht1.jpg\" alt=\"im Baiersbronner Wanderhimmel\" width=\"430\" height=\"274\" srcset=\"http:\/\/www.dhk-galerie.de\/wordpress\/wp-content\/uploads\/2009\/07\/06_Aussicht1.jpg 430w, http:\/\/www.dhk-galerie.de\/wordpress\/wp-content\/uploads\/2009\/07\/06_Aussicht1-300x191.jpg 300w\" sizes=\"auto, (max-width: 430px) 100vw, 430px\" \/><p id=\"caption-attachment-404\" class=\"wp-caption-text\">im Baiersbronner Wanderhimmel<\/p><\/div>\n<p>\u00a0<\/p>\n<div id=\"attachment_406\" style=\"width: 440px\" class=\"wp-caption aligncenter\"><img loading=\"lazy\" decoding=\"async\" aria-describedby=\"caption-attachment-406\" class=\"size-full wp-image-406\" title=\"Blog_MG_8746\" src=\"http:\/\/www.dhk-galerie.de\/wordpress\/wp-content\/uploads\/2009\/07\/Blog_MG_8746.jpg\" alt=\"steiler Pfad zum See\" width=\"430\" height=\"297\" srcset=\"http:\/\/www.dhk-galerie.de\/wordpress\/wp-content\/uploads\/2009\/07\/Blog_MG_8746.jpg 430w, http:\/\/www.dhk-galerie.de\/wordpress\/wp-content\/uploads\/2009\/07\/Blog_MG_8746-300x207.jpg 300w\" sizes=\"auto, (max-width: 430px) 100vw, 430px\" \/><p id=\"caption-attachment-406\" class=\"wp-caption-text\">steiler Pfad zum See<\/p><\/div>\n<div id=\"attachment_402\" style=\"width: 408px\" class=\"wp-caption aligncenter\"><img loading=\"lazy\" decoding=\"async\" aria-describedby=\"caption-attachment-402\" class=\"size-full wp-image-402\" title=\"03_See\" src=\"http:\/\/www.dhk-galerie.de\/wordpress\/wp-content\/uploads\/2009\/07\/03_See.jpg\" alt=\"Moorwasser-See\" width=\"398\" height=\"240\" srcset=\"http:\/\/www.dhk-galerie.de\/wordpress\/wp-content\/uploads\/2009\/07\/03_See.jpg 398w, http:\/\/www.dhk-galerie.de\/wordpress\/wp-content\/uploads\/2009\/07\/03_See-300x180.jpg 300w\" sizes=\"auto, (max-width: 398px) 100vw, 398px\" \/><p id=\"caption-attachment-402\" class=\"wp-caption-text\">Moorwasser-See<\/p><\/div>\n<div id=\"attachment_407\" style=\"width: 440px\" class=\"wp-caption aligncenter\"><img loading=\"lazy\" decoding=\"async\" aria-describedby=\"caption-attachment-407\" class=\"size-full wp-image-407\" title=\"Blog_MG_8763\" src=\"http:\/\/www.dhk-galerie.de\/wordpress\/wp-content\/uploads\/2009\/07\/Blog_MG_8763.jpg\" alt=\"Fototermin: Thomas, Steffi, Ingeborg, Stefanie, Michael, Ilka, Elisabeth, Reinhard v.l.\" width=\"430\" height=\"316\" srcset=\"http:\/\/www.dhk-galerie.de\/wordpress\/wp-content\/uploads\/2009\/07\/Blog_MG_8763.jpg 430w, http:\/\/www.dhk-galerie.de\/wordpress\/wp-content\/uploads\/2009\/07\/Blog_MG_8763-300x220.jpg 300w\" sizes=\"auto, (max-width: 430px) 100vw, 430px\" \/><p id=\"caption-attachment-407\" class=\"wp-caption-text\">Fototermin: Thomas, Steffi, Ingeborg, Stefanie, Michael, Ilka, Elisabeth, Reinhard v.l.<\/p><\/div>\n<div id=\"attachment_391\" style=\"width: 440px\" class=\"wp-caption aligncenter\"><img loading=\"lazy\" decoding=\"async\" aria-describedby=\"caption-attachment-391\" class=\"size-full wp-image-391\" title=\"_MG_0046\" src=\"http:\/\/www.dhk-galerie.de\/wordpress\/wp-content\/uploads\/2009\/07\/MG_0046.jpg\" alt=\"nochmal am Wegesrand\" width=\"430\" height=\"567\" srcset=\"http:\/\/www.dhk-galerie.de\/wordpress\/wp-content\/uploads\/2009\/07\/MG_0046.jpg 430w, http:\/\/www.dhk-galerie.de\/wordpress\/wp-content\/uploads\/2009\/07\/MG_0046-227x300.jpg 227w\" sizes=\"auto, (max-width: 430px) 100vw, 430px\" \/><p id=\"caption-attachment-391\" class=\"wp-caption-text\">nochmal am Wegesrand<\/p><\/div>\n<div id=\"attachment_395\" style=\"width: 440px\" class=\"wp-caption aligncenter\"><img loading=\"lazy\" decoding=\"async\" aria-describedby=\"caption-attachment-395\" class=\"size-full wp-image-395\" title=\"_MG_0113\" src=\"http:\/\/www.dhk-galerie.de\/wordpress\/wp-content\/uploads\/2009\/07\/MG_0113.jpg\" alt=\"Bitte beachten!\" width=\"430\" height=\"289\" srcset=\"http:\/\/www.dhk-galerie.de\/wordpress\/wp-content\/uploads\/2009\/07\/MG_0113.jpg 430w, http:\/\/www.dhk-galerie.de\/wordpress\/wp-content\/uploads\/2009\/07\/MG_0113-300x201.jpg 300w\" sizes=\"auto, (max-width: 430px) 100vw, 430px\" \/><p id=\"caption-attachment-395\" class=\"wp-caption-text\">Bitte beachten!<\/p><\/div>\n","protected":false},"excerpt":{"rendered":"<p>Wie angek\u00fcndigt zeige ich hier\u00a0in loser Folge immer mal wieder ein paar Bilder, zuerst welche aus dem Schwarzwald, unserem ersten Etappenziel. Es sind dies keine fotografischen Hits, sie sollen\u00a0die ganze Wanderrallye nur noch ein wenig dokumentarisch unterst\u00fctzen. Mit Erkl\u00e4rungen zu den Bildern halte ich mich zur\u00fcck, ich versuche alles Wichtige in den Bilduntertitel zu bekommen. [&hellip;]<\/p>\n","protected":false},"author":2,"featured_media":0,"comment_status":"open","ping_status":"open","sticky":false,"template":"","format":"standard","meta":{"footnotes":""},"categories":[1],"tags":[],"class_list":["post-408","post","type-post","status-publish","format-standard","hentry","category-allgemein"],"_links":{"self":[{"href":"http:\/\/www.dhk-galerie.de\/wordpress\/wp-json\/wp\/v2\/posts\/408","targetHints":{"allow":["GET"]}}],"collection":[{"href":"http:\/\/www.dhk-galerie.de\/wordpress\/wp-json\/wp\/v2\/posts"}],"about":[{"href":"http:\/\/www.dhk-galerie.de\/wordpress\/wp-json\/wp\/v2\/types\/post"}],"author":[{"embeddable":true,"href":"http:\/\/www.dhk-galerie.de\/wordpress\/wp-json\/wp\/v2\/users\/2"}],"replies":[{"embeddable":true,"href":"http:\/\/www.dhk-galerie.de\/wordpress\/wp-json\/wp\/v2\/comments?post=408"}],"version-history":[{"count":4,"href":"http:\/\/www.dhk-galerie.de\/wordpress\/wp-json\/wp\/v2\/posts\/408\/revisions"}],"predecessor-version":[{"id":411,"href":"http:\/\/www.dhk-galerie.de\/wordpress\/wp-json\/wp\/v2\/posts\/408\/revisions\/411"}],"wp:attachment":[{"href":"http:\/\/www.dhk-galerie.de\/wordpress\/wp-json\/wp\/v2\/media?parent=408"}],"wp:term":[{"taxonomy":"category","embeddable":true,"href":"http:\/\/www.dhk-galerie.de\/wordpress\/wp-json\/wp\/v2\/categories?post=408"},{"taxonomy":"post_tag","embeddable":true,"href":"http:\/\/www.dhk-galerie.de\/wordpress\/wp-json\/wp\/v2\/tags?post=408"}],"curies":[{"name":"wp","href":"https:\/\/api.w.org\/{rel}","templated":true}]}}