{"id":432,"date":"2009-07-17T11:33:33","date_gmt":"2009-07-17T09:33:33","guid":{"rendered":"http:\/\/www.dhk-galerie.de\/wordpress\/?p=432"},"modified":"2009-07-17T11:46:12","modified_gmt":"2009-07-17T09:46:12","slug":"bilder-aus-dem-mullerthalluxemburger-schweiz","status":"publish","type":"post","link":"http:\/\/www.dhk-galerie.de\/wordpress\/blog\/2009\/07\/17\/bilder-aus-dem-mullerthalluxemburger-schweiz\/","title":{"rendered":"Bilder aus dem Mullerthal\/Luxemburger Schweiz"},"content":{"rendered":"<p>Es folgen wieder ein paar Bilder, diesmal von unserem zweiten Etappenziel, dem Mullerthal in der Luxemburger Schweiz, gleich nach der Grenze ist man da, muss nur noch die Br\u00fccke \u00fcber die &#8222;Sauer&#8220; benutzen. Und man kommt in das herrliche St\u00e4dtchen Echternach!<\/p>\n<div id=\"attachment_424\" style=\"width: 440px\" class=\"wp-caption aligncenter\"><img loading=\"lazy\" decoding=\"async\" aria-describedby=\"caption-attachment-424\" class=\"size-full wp-image-424 \" title=\"_MG_8002_1\" src=\"http:\/\/www.dhk-galerie.de\/wordpress\/wp-content\/uploads\/2009\/07\/MG_8002_1.jpg\" alt=\"Echternach ist herrlich gelegen\" width=\"430\" height=\"292\" srcset=\"http:\/\/www.dhk-galerie.de\/wordpress\/wp-content\/uploads\/2009\/07\/MG_8002_1.jpg 430w, http:\/\/www.dhk-galerie.de\/wordpress\/wp-content\/uploads\/2009\/07\/MG_8002_1-300x203.jpg 300w\" sizes=\"auto, (max-width: 430px) 100vw, 430px\" \/><p id=\"caption-attachment-424\" class=\"wp-caption-text\">Echternach ist herrlich gelegen<\/p><\/div>\n<div class=\"mceTemp mceIEcenter\">\n<div id=\"attachment_422\" style=\"width: 440px\" class=\"wp-caption aligncenter\"><img loading=\"lazy\" decoding=\"async\" aria-describedby=\"caption-attachment-422\" class=\"size-full wp-image-422\" title=\"_MG_0318_1\" src=\"http:\/\/www.dhk-galerie.de\/wordpress\/wp-content\/uploads\/2009\/07\/MG_0318_1.jpg\" alt=\"Marktplatz in Echternach\" width=\"430\" height=\"325\" srcset=\"http:\/\/www.dhk-galerie.de\/wordpress\/wp-content\/uploads\/2009\/07\/MG_0318_1.jpg 430w, http:\/\/www.dhk-galerie.de\/wordpress\/wp-content\/uploads\/2009\/07\/MG_0318_1-300x226.jpg 300w\" sizes=\"auto, (max-width: 430px) 100vw, 430px\" \/><p id=\"caption-attachment-422\" class=\"wp-caption-text\">Marktplatz in Echternach<\/p><\/div>\n<p>\u00a0<\/p><\/div>\n<div class=\"mceTemp mceIEcenter\">\n<div id=\"attachment_416\" style=\"width: 440px\" class=\"wp-caption aligncenter\"><img loading=\"lazy\" decoding=\"async\" aria-describedby=\"caption-attachment-416\" class=\"size-full wp-image-416\" title=\"_MG_0215_1\" src=\"http:\/\/www.dhk-galerie.de\/wordpress\/wp-content\/uploads\/2009\/07\/MG_0215_1.JPG\" alt=\"am Rande vom Marktplatz in Echternach\" width=\"430\" height=\"687\" srcset=\"http:\/\/www.dhk-galerie.de\/wordpress\/wp-content\/uploads\/2009\/07\/MG_0215_1.JPG 430w, http:\/\/www.dhk-galerie.de\/wordpress\/wp-content\/uploads\/2009\/07\/MG_0215_1-187x300.jpg 187w\" sizes=\"auto, (max-width: 430px) 100vw, 430px\" \/><p id=\"caption-attachment-416\" class=\"wp-caption-text\">am Rande vom Marktplatz in Echternach<\/p><\/div>\n<p>\u00a0<\/p><\/div>\n<div class=\"mceTemp mceIEcenter\">\n<div id=\"attachment_413\" style=\"width: 440px\" class=\"wp-caption aligncenter\"><img loading=\"lazy\" decoding=\"async\" aria-describedby=\"caption-attachment-413\" class=\"size-full wp-image-413\" title=\"_MG_0184_1\" src=\"http:\/\/www.dhk-galerie.de\/wordpress\/wp-content\/uploads\/2009\/07\/MG_0184_1.JPG\" alt=\"Echternach's Markth\u00e4user\" width=\"430\" height=\"258\" srcset=\"http:\/\/www.dhk-galerie.de\/wordpress\/wp-content\/uploads\/2009\/07\/MG_0184_1.JPG 430w, http:\/\/www.dhk-galerie.de\/wordpress\/wp-content\/uploads\/2009\/07\/MG_0184_1-300x180.jpg 300w\" sizes=\"auto, (max-width: 430px) 100vw, 430px\" \/><p id=\"caption-attachment-413\" class=\"wp-caption-text\">Echternach&#39;s Markth\u00e4user<\/p><\/div>\n<p>\u00a0<\/p><\/div>\n<div class=\"mceTemp mceIEcenter\">\n<div id=\"attachment_415\" style=\"width: 440px\" class=\"wp-caption aligncenter\"><img loading=\"lazy\" decoding=\"async\" aria-describedby=\"caption-attachment-415\" class=\"size-full wp-image-415\" title=\"_MG_0200_1\" src=\"http:\/\/www.dhk-galerie.de\/wordpress\/wp-content\/uploads\/2009\/07\/MG_0200_1.JPG\" alt=\"Dom zu Echternach\" width=\"430\" height=\"655\" srcset=\"http:\/\/www.dhk-galerie.de\/wordpress\/wp-content\/uploads\/2009\/07\/MG_0200_1.JPG 430w, http:\/\/www.dhk-galerie.de\/wordpress\/wp-content\/uploads\/2009\/07\/MG_0200_1-196x300.jpg 196w\" sizes=\"auto, (max-width: 430px) 100vw, 430px\" \/><p id=\"caption-attachment-415\" class=\"wp-caption-text\">Dom zu Echternach<\/p><\/div>\n<p>\u00a0<\/p><\/div>\n<div class=\"mceTemp mceIEcenter\">\n<div id=\"attachment_414\" style=\"width: 440px\" class=\"wp-caption aligncenter\"><img loading=\"lazy\" decoding=\"async\" aria-describedby=\"caption-attachment-414\" class=\"size-full wp-image-414\" title=\"_MG_0193_1\" src=\"http:\/\/www.dhk-galerie.de\/wordpress\/wp-content\/uploads\/2009\/07\/MG_0193_1.JPG\" alt=\"herzlicher Empfang am Vorabend des Luxemburgischen Nationalfeiertages\" width=\"430\" height=\"251\" srcset=\"http:\/\/www.dhk-galerie.de\/wordpress\/wp-content\/uploads\/2009\/07\/MG_0193_1.JPG 430w, http:\/\/www.dhk-galerie.de\/wordpress\/wp-content\/uploads\/2009\/07\/MG_0193_1-300x175.jpg 300w\" sizes=\"auto, (max-width: 430px) 100vw, 430px\" \/><p id=\"caption-attachment-414\" class=\"wp-caption-text\">herzlicher Empfang am Vorabend des Luxemburgischen Nationalfeiertages<\/p><\/div>\n<p>\u00a0<\/p><\/div>\n<div class=\"mceTemp mceIEcenter\">\n<div id=\"attachment_423\" style=\"width: 440px\" class=\"wp-caption aligncenter\"><img loading=\"lazy\" decoding=\"async\" aria-describedby=\"caption-attachment-423\" class=\"size-full wp-image-423\" title=\"_MG_7953_1\" src=\"http:\/\/www.dhk-galerie.de\/wordpress\/wp-content\/uploads\/2009\/07\/MG_7953_1.jpg\" alt=\"solch eine erstklassige Beschilderung hat uns immer zum Ziel gef\u00fchrt\" width=\"430\" height=\"304\" srcset=\"http:\/\/www.dhk-galerie.de\/wordpress\/wp-content\/uploads\/2009\/07\/MG_7953_1.jpg 430w, http:\/\/www.dhk-galerie.de\/wordpress\/wp-content\/uploads\/2009\/07\/MG_7953_1-300x212.jpg 300w\" sizes=\"auto, (max-width: 430px) 100vw, 430px\" \/><p id=\"caption-attachment-423\" class=\"wp-caption-text\">solch eine erstklassige Beschilderung hat uns immer zum Ziel gef\u00fchrt<\/p><\/div>\n<p>\u00a0<\/p><\/div>\n<div class=\"mceTemp mceIEcenter\">\n<div id=\"attachment_419\" style=\"width: 440px\" class=\"wp-caption aligncenter\"><img loading=\"lazy\" decoding=\"async\" aria-describedby=\"caption-attachment-419\" class=\"size-full wp-image-419  \" title=\"_MG_0271_1\" src=\"http:\/\/www.dhk-galerie.de\/wordpress\/wp-content\/uploads\/2009\/07\/MG_0271_1.JPG\" alt=\"viele &quot;Rastpl\u00e4tze&quot; lagen auf dem Weg zum Ziel ;-)R\" width=\"430\" height=\"340\" srcset=\"http:\/\/www.dhk-galerie.de\/wordpress\/wp-content\/uploads\/2009\/07\/MG_0271_1.JPG 430w, http:\/\/www.dhk-galerie.de\/wordpress\/wp-content\/uploads\/2009\/07\/MG_0271_1-300x237.jpg 300w\" sizes=\"auto, (max-width: 430px) 100vw, 430px\" \/><p id=\"caption-attachment-419\" class=\"wp-caption-text\">viele &quot;Rastpl\u00e4tze&quot; lagen auf dem Weg zum Ziel \ud83d\ude09<\/p><\/div>\n<p>\u00a0<\/p>\n<div id=\"attachment_417\" style=\"width: 440px\" class=\"wp-caption aligncenter\"><img loading=\"lazy\" decoding=\"async\" aria-describedby=\"caption-attachment-417\" class=\"size-full wp-image-417\" title=\"_MG_0248_1\" src=\"http:\/\/www.dhk-galerie.de\/wordpress\/wp-content\/uploads\/2009\/07\/MG_0248_1.JPG\" alt=\"die S\u00e4chsische gr\u00fc\u00dft die Luxemburger Schweiz\" width=\"430\" height=\"639\" srcset=\"http:\/\/www.dhk-galerie.de\/wordpress\/wp-content\/uploads\/2009\/07\/MG_0248_1.JPG 430w, http:\/\/www.dhk-galerie.de\/wordpress\/wp-content\/uploads\/2009\/07\/MG_0248_1-201x300.jpg 201w\" sizes=\"auto, (max-width: 430px) 100vw, 430px\" \/><p id=\"caption-attachment-417\" class=\"wp-caption-text\">die S\u00e4chsische gr\u00fc\u00dft die Luxemburger Schweiz<\/p><\/div>\n<\/div>\n<div class=\"mceTemp mceIEcenter\">\n<div id=\"attachment_418\" style=\"width: 440px\" class=\"wp-caption aligncenter\"><img loading=\"lazy\" decoding=\"async\" aria-describedby=\"caption-attachment-418\" class=\"size-full wp-image-418\" title=\"_MG_0270_1\" src=\"http:\/\/www.dhk-galerie.de\/wordpress\/wp-content\/uploads\/2009\/07\/MG_0270_1.JPG\" alt=\"immer noch in der Luxemburger Schweiz unterwegs\" width=\"430\" height=\"580\" srcset=\"http:\/\/www.dhk-galerie.de\/wordpress\/wp-content\/uploads\/2009\/07\/MG_0270_1.JPG 430w, http:\/\/www.dhk-galerie.de\/wordpress\/wp-content\/uploads\/2009\/07\/MG_0270_1-222x300.jpg 222w\" sizes=\"auto, (max-width: 430px) 100vw, 430px\" \/><p id=\"caption-attachment-418\" class=\"wp-caption-text\">immer noch in der Luxemburger Schweiz unterwegs<\/p><\/div>\n<\/div>\n<div class=\"mceTemp mceIEcenter\">\n<div id=\"attachment_420\" style=\"width: 440px\" class=\"wp-caption aligncenter\"><img loading=\"lazy\" decoding=\"async\" aria-describedby=\"caption-attachment-420\" class=\"size-full wp-image-420\" title=\"_MG_0294_1\" src=\"http:\/\/www.dhk-galerie.de\/wordpress\/wp-content\/uploads\/2009\/07\/MG_0294_1.jpg\" alt=\"H\u00f6hlenbewohnerinnen\" width=\"430\" height=\"607\" srcset=\"http:\/\/www.dhk-galerie.de\/wordpress\/wp-content\/uploads\/2009\/07\/MG_0294_1.jpg 430w, http:\/\/www.dhk-galerie.de\/wordpress\/wp-content\/uploads\/2009\/07\/MG_0294_1-212x300.jpg 212w\" sizes=\"auto, (max-width: 430px) 100vw, 430px\" \/><p id=\"caption-attachment-420\" class=\"wp-caption-text\">H\u00f6hlenbewohnerinnen<\/p><\/div>\n<\/div>\n<div class=\"mceTemp mceIEcenter\">\n<div id=\"attachment_421\" style=\"width: 440px\" class=\"wp-caption aligncenter\"><img loading=\"lazy\" decoding=\"async\" aria-describedby=\"caption-attachment-421\" class=\"size-full wp-image-421\" title=\"_MG_0299_1\" src=\"http:\/\/www.dhk-galerie.de\/wordpress\/wp-content\/uploads\/2009\/07\/MG_0299_1.jpg\" alt=\"1.000.000.001 mal abgelichtet: DAS Motiv im Mullerthal!\" width=\"430\" height=\"319\" srcset=\"http:\/\/www.dhk-galerie.de\/wordpress\/wp-content\/uploads\/2009\/07\/MG_0299_1.jpg 430w, http:\/\/www.dhk-galerie.de\/wordpress\/wp-content\/uploads\/2009\/07\/MG_0299_1-300x222.jpg 300w\" sizes=\"auto, (max-width: 430px) 100vw, 430px\" \/><p id=\"caption-attachment-421\" class=\"wp-caption-text\">1.000.000.001 mal abgelichtet: DAS Motiv im Mullerthal!<\/p><\/div>\n<\/div>\n","protected":false},"excerpt":{"rendered":"<p>Es folgen wieder ein paar Bilder, diesmal von unserem zweiten Etappenziel, dem Mullerthal in der Luxemburger Schweiz, gleich nach der Grenze ist man da, muss nur noch die Br\u00fccke \u00fcber die &#8222;Sauer&#8220; benutzen. Und man kommt in das herrliche St\u00e4dtchen Echternach! \u00a0 \u00a0 \u00a0 \u00a0 \u00a0 \u00a0 \u00a0<\/p>\n","protected":false},"author":2,"featured_media":0,"comment_status":"open","ping_status":"open","sticky":false,"template":"","format":"standard","meta":{"footnotes":""},"categories":[1],"tags":[],"class_list":["post-432","post","type-post","status-publish","format-standard","hentry","category-allgemein"],"_links":{"self":[{"href":"http:\/\/www.dhk-galerie.de\/wordpress\/wp-json\/wp\/v2\/posts\/432","targetHints":{"allow":["GET"]}}],"collection":[{"href":"http:\/\/www.dhk-galerie.de\/wordpress\/wp-json\/wp\/v2\/posts"}],"about":[{"href":"http:\/\/www.dhk-galerie.de\/wordpress\/wp-json\/wp\/v2\/types\/post"}],"author":[{"embeddable":true,"href":"http:\/\/www.dhk-galerie.de\/wordpress\/wp-json\/wp\/v2\/users\/2"}],"replies":[{"embeddable":true,"href":"http:\/\/www.dhk-galerie.de\/wordpress\/wp-json\/wp\/v2\/comments?post=432"}],"version-history":[{"count":4,"href":"http:\/\/www.dhk-galerie.de\/wordpress\/wp-json\/wp\/v2\/posts\/432\/revisions"}],"predecessor-version":[{"id":434,"href":"http:\/\/www.dhk-galerie.de\/wordpress\/wp-json\/wp\/v2\/posts\/432\/revisions\/434"}],"wp:attachment":[{"href":"http:\/\/www.dhk-galerie.de\/wordpress\/wp-json\/wp\/v2\/media?parent=432"}],"wp:term":[{"taxonomy":"category","embeddable":true,"href":"http:\/\/www.dhk-galerie.de\/wordpress\/wp-json\/wp\/v2\/categories?post=432"},{"taxonomy":"post_tag","embeddable":true,"href":"http:\/\/www.dhk-galerie.de\/wordpress\/wp-json\/wp\/v2\/tags?post=432"}],"curies":[{"name":"wp","href":"https:\/\/api.w.org\/{rel}","templated":true}]}}