{"id":515,"date":"2009-08-09T16:56:19","date_gmt":"2009-08-09T14:56:19","guid":{"rendered":"http:\/\/www.dhk-galerie.de\/wordpress\/?p=515"},"modified":"2009-08-09T17:04:30","modified_gmt":"2009-08-09T15:04:30","slug":"nu-is-schluss","status":"publish","type":"post","link":"http:\/\/www.dhk-galerie.de\/wordpress\/blog\/2009\/08\/09\/nu-is-schluss\/","title":{"rendered":"Nu is Schluss!"},"content":{"rendered":"<div id=\"attachment_516\" style=\"width: 440px\" class=\"wp-caption alignnone\"><a href=\"http:\/\/www.dhk-galerie.de\/wordpress\/wp-content\/uploads\/2009\/08\/Blogende_MG_0216.jpg\" rel=\"lightbox[515]\"><img loading=\"lazy\" decoding=\"async\" aria-describedby=\"caption-attachment-516\" class=\"size-full wp-image-516\" title=\"Blogende_MG_0216\" src=\"http:\/\/www.dhk-galerie.de\/wordpress\/wp-content\/uploads\/2009\/08\/Blogende_MG_0216.jpg\" alt=\"Strassensperre am Vorabend des Luxemburgischen Nationalfeiertages als symbolisches Blog-Ende \" width=\"430\" height=\"286\" srcset=\"http:\/\/www.dhk-galerie.de\/wordpress\/wp-content\/uploads\/2009\/08\/Blogende_MG_0216.jpg 430w, http:\/\/www.dhk-galerie.de\/wordpress\/wp-content\/uploads\/2009\/08\/Blogende_MG_0216-300x199.jpg 300w\" sizes=\"auto, (max-width: 430px) 100vw, 430px\" \/><\/a><p id=\"caption-attachment-516\" class=\"wp-caption-text\">Strassensperre am Vorabend des Luxemburgischen Nationalfeiertages als symbolisches Blog-Ende <\/p><\/div>\n<p><strong><span style=\"text-decoration: underline;\">Sonntag, 9. August 2009, das Ende vom Blog<\/span><\/strong><\/p>\n<p>Einmal muss Schluss sein! Am Sonntag, dem 5. Juli war Schluss, nein nicht mit lustig, sondern mit Wandern. Und ebenso an einem Sonntag, n\u00e4mlich heute, ist Schluss mit diesem Blog. Er hat seine Schuldigkeit getan, ich brauche ihn nicht mehr. Interessant war es f\u00fcr mich allemal an so einem Blog zu schreiben. Anstrengend nat\u00fcrlich auch. Aber es ist sch\u00f6n zu wissen das es viele liebe Leute, Freunde und Bekannte gibt die sich an meinen Zeilen erfreut haben. All denen sage ich herzlichen Dank\u00a0das ihr euch immer mal wieder Zeit genommen habt und hier reingeschaut habt und sogar den ein oder anderen Kommentar hinterlassen habt! Mir hat dieser Blog hier unheimlich Spass gemacht! Besonders wenn man dann noch \u00fcber eine Wanderrallye schreiben kann. Aber wie gesagt: einmal muss Schluss sein&#8230;und das ist heute!<\/p>\n<p>F\u00fcr alle, die diesen Blog hier sp\u00e4ter entdecken, \u00fcber Google zum Beispiel oder auf Empfehlung von Bekannten sei gesagt: ich habe hier \u00fcber etwas ganz Gro\u00dfes geschrieben! Und ich war voll dabei! Wer all das lesen m\u00f6chte begebe sich bitte an den Anfang des Blogs vier Seiten vorher (Seitenwahl ganz unten). Ihr werdet es nicht bereuen!<\/p>\n<p><strong><span style=\"color: #339966;\">Und nun machts gut, alles Gute f\u00fcr Euch!<\/span><\/strong><\/p>\n<p><strong><span style=\"color: #339966;\">Winke Winke und Auf Wiedersehen<\/span><\/strong><\/p>\n<p><strong><span style=\"color: #339966;\">Euer Wanderrallye-Teilnehmer\u00a0 Thomas<\/span><\/strong><\/p>\n","protected":false},"excerpt":{"rendered":"<p>Sonntag, 9. August 2009, das Ende vom Blog Einmal muss Schluss sein! Am Sonntag, dem 5. Juli war Schluss, nein nicht mit lustig, sondern mit Wandern. Und ebenso an einem Sonntag, n\u00e4mlich heute, ist Schluss mit diesem Blog. Er hat seine Schuldigkeit getan, ich brauche ihn nicht mehr. Interessant war es f\u00fcr mich allemal an [&hellip;]<\/p>\n","protected":false},"author":2,"featured_media":0,"comment_status":"open","ping_status":"open","sticky":false,"template":"","format":"standard","meta":{"footnotes":""},"categories":[1],"tags":[],"class_list":["post-515","post","type-post","status-publish","format-standard","hentry","category-allgemein"],"_links":{"self":[{"href":"http:\/\/www.dhk-galerie.de\/wordpress\/wp-json\/wp\/v2\/posts\/515","targetHints":{"allow":["GET"]}}],"collection":[{"href":"http:\/\/www.dhk-galerie.de\/wordpress\/wp-json\/wp\/v2\/posts"}],"about":[{"href":"http:\/\/www.dhk-galerie.de\/wordpress\/wp-json\/wp\/v2\/types\/post"}],"author":[{"embeddable":true,"href":"http:\/\/www.dhk-galerie.de\/wordpress\/wp-json\/wp\/v2\/users\/2"}],"replies":[{"embeddable":true,"href":"http:\/\/www.dhk-galerie.de\/wordpress\/wp-json\/wp\/v2\/comments?post=515"}],"version-history":[{"count":5,"href":"http:\/\/www.dhk-galerie.de\/wordpress\/wp-json\/wp\/v2\/posts\/515\/revisions"}],"predecessor-version":[{"id":529,"href":"http:\/\/www.dhk-galerie.de\/wordpress\/wp-json\/wp\/v2\/posts\/515\/revisions\/529"}],"wp:attachment":[{"href":"http:\/\/www.dhk-galerie.de\/wordpress\/wp-json\/wp\/v2\/media?parent=515"}],"wp:term":[{"taxonomy":"category","embeddable":true,"href":"http:\/\/www.dhk-galerie.de\/wordpress\/wp-json\/wp\/v2\/categories?post=515"},{"taxonomy":"post_tag","embeddable":true,"href":"http:\/\/www.dhk-galerie.de\/wordpress\/wp-json\/wp\/v2\/tags?post=515"}],"curies":[{"name":"wp","href":"https:\/\/api.w.org\/{rel}","templated":true}]}}