{"id":519,"date":"2009-08-09T16:52:51","date_gmt":"2009-08-09T14:52:51","guid":{"rendered":"http:\/\/www.dhk-galerie.de\/wordpress\/?p=519"},"modified":"2009-08-09T17:01:56","modified_gmt":"2009-08-09T15:01:56","slug":"die-gps-daten-fehlen-noch","status":"publish","type":"post","link":"http:\/\/www.dhk-galerie.de\/wordpress\/blog\/2009\/08\/09\/die-gps-daten-fehlen-noch\/","title":{"rendered":"Die GPS-Daten fehlen noch"},"content":{"rendered":"<p>Ich hab nun endlich mal Zeit gefunden mich ein wenig n\u00e4her mit meinen GPS-Daten zu besch\u00e4ftigen. Wie ihr ja wi\u00dft hab ich mir zwei Tage vor meiner gro\u00dfen Wanderreise noch so einen GPS-Datenlogger gekauft um unsere Wanderrouten exclusiv aufzuzeichnen. Die K\u00fcrze der Zeit hat es mir nicht erlaubt mich n\u00e4her mit dem &#8222;Ding&#8220; zu besch\u00e4ftigen und so habe ich\u00a0mich\u00a0blind auf die Werkseinstellungen verlassen. Herausgekommen ist trotzdem was ganz Brauchbares wie ich finde. Unten seht ihr kleine Vorschaubildchen, wer darauf klickt bekommt\u00a0ein Bild in voller Bildschirmgr\u00f6\u00dfe. Es ist ein Bildschirmausdruck (Hardcopy) von Googleearth und man findet darin recht genau\u00a0unsere Wandertouren wieder. Es ist nur ein grober \u00dcberblick, die Besch\u00e4ftigung mit der ganzen Technik und Software und Anpassung der\u00a0GPS-Daten braucht mindestens genau so lange Zeit wie zum Beispiel dgitale Bildbearbeitung. Das w\u00e4re dann was f\u00fcr lange Winterabende. Aber nun viel Spass beim Klicken, es ist schon erstaunlich aus ca. 10km H\u00f6he zu sehen\u00a0wo wir so langgewandert sind&#8230;<\/p>\n<p>\u00a0<\/p>\n<div id=\"attachment_507\" style=\"width: 160px\" class=\"wp-caption alignnone\"><a href=\"http:\/\/www.dhk-galerie.de\/wordpress\/wp-content\/uploads\/2009\/08\/GPS_Baiersbronn_Tag1.jpg\" rel=\"lightbox[519]\"><img loading=\"lazy\" decoding=\"async\" aria-describedby=\"caption-attachment-507\" class=\"size-thumbnail wp-image-507 \" title=\"GPS_Baiersbronn_Tag1\" src=\"http:\/\/www.dhk-galerie.de\/wordpress\/wp-content\/uploads\/2009\/08\/GPS_Baiersbronn_Tag1-150x150.jpg\" alt=\"Baiersbronn Wildseetour\" width=\"150\" height=\"150\" \/><\/a><p id=\"caption-attachment-507\" class=\"wp-caption-text\">Baiersbronn - Wildseetour<\/p><\/div>\n<p>\u00a0<\/p>\n<div id=\"attachment_508\" style=\"width: 160px\" class=\"wp-caption alignnone\"><a href=\"http:\/\/www.dhk-galerie.de\/wordpress\/wp-content\/uploads\/2009\/08\/GPS_Baiersbronn_Tag2.jpg\" rel=\"lightbox[519]\"><img loading=\"lazy\" decoding=\"async\" aria-describedby=\"caption-attachment-508\" class=\"size-thumbnail wp-image-508 \" title=\"GPS_Baiersbronn_Tag2\" src=\"http:\/\/www.dhk-galerie.de\/wordpress\/wp-content\/uploads\/2009\/08\/GPS_Baiersbronn_Tag2-150x150.jpg\" alt=\"Baiersbronn Tour zum Hutzenbacher See\" width=\"150\" height=\"150\" \/><\/a><p id=\"caption-attachment-508\" class=\"wp-caption-text\">Baiersbronn - Tour zum Hutzenbacher See<\/p><\/div>\n<p>\u00a0<\/p>\n<div id=\"attachment_509\" style=\"width: 160px\" class=\"wp-caption alignnone\"><a href=\"http:\/\/www.dhk-galerie.de\/wordpress\/wp-content\/uploads\/2009\/08\/GPS_Echternach_Tag1.jpg\" rel=\"lightbox[519]\"><img loading=\"lazy\" decoding=\"async\" aria-describedby=\"caption-attachment-509\" class=\"size-thumbnail wp-image-509 \" title=\"GPS_Echternach_Tag1\" src=\"http:\/\/www.dhk-galerie.de\/wordpress\/wp-content\/uploads\/2009\/08\/GPS_Echternach_Tag1-150x150.jpg\" alt=\"Echternach M\u00fcllerthal-Trail Teil 1\" width=\"150\" height=\"150\" \/><\/a><p id=\"caption-attachment-509\" class=\"wp-caption-text\">Echternach - M\u00fcllerthal-Trail Teil 1<\/p><\/div>\n<p>\u00a0<\/p>\n<p>\u00a0<\/p>\n<div id=\"attachment_510\" style=\"width: 160px\" class=\"wp-caption alignnone\"><a href=\"http:\/\/www.dhk-galerie.de\/wordpress\/wp-content\/uploads\/2009\/08\/GPS_Echternach_Tag2.jpg\" rel=\"lightbox[519]\"><img loading=\"lazy\" decoding=\"async\" aria-describedby=\"caption-attachment-510\" class=\"size-thumbnail wp-image-510 \" title=\"GPS_Echternach_Tag2\" src=\"http:\/\/www.dhk-galerie.de\/wordpress\/wp-content\/uploads\/2009\/08\/GPS_Echternach_Tag2-150x150.jpg\" alt=\"Echternach M\u00fcllerthal-Trail Teil 2\" width=\"150\" height=\"150\" \/><\/a><p id=\"caption-attachment-510\" class=\"wp-caption-text\">Echternach - M\u00fcllerthal-Trail Teil 2<\/p><\/div>\n<p>\u00a0<\/p>\n<div id=\"attachment_513\" style=\"width: 160px\" class=\"wp-caption alignnone\"><a href=\"http:\/\/www.dhk-galerie.de\/wordpress\/wp-content\/uploads\/2009\/08\/GPS_Winterberg_Tag1.jpg\" rel=\"lightbox[519]\"><img loading=\"lazy\" decoding=\"async\" aria-describedby=\"caption-attachment-513\" class=\"size-thumbnail wp-image-513 \" title=\"GPS_Winterberg_Tag1\" src=\"http:\/\/www.dhk-galerie.de\/wordpress\/wp-content\/uploads\/2009\/08\/GPS_Winterberg_Tag1-150x150.jpg\" alt=\"Winterberg \u00dcber den Kahlen Asten\" width=\"150\" height=\"150\" \/><\/a><p id=\"caption-attachment-513\" class=\"wp-caption-text\">Winterberg - \u00dcber den Kahlen Asten<\/p><\/div>\n<p>\u00a0<\/p>\n<div id=\"attachment_514\" style=\"width: 160px\" class=\"wp-caption alignnone\"><a href=\"http:\/\/www.dhk-galerie.de\/wordpress\/wp-content\/uploads\/2009\/08\/GPS_Winterberg_Tag2.jpg\" rel=\"lightbox[519]\"><img loading=\"lazy\" decoding=\"async\" aria-describedby=\"caption-attachment-514\" class=\"size-thumbnail wp-image-514\" title=\"GPS_Winterberg_Tag2\" src=\"http:\/\/www.dhk-galerie.de\/wordpress\/wp-content\/uploads\/2009\/08\/GPS_Winterberg_Tag2-150x150.jpg\" alt=\"Winterberg - Auf Clemensberg und Hochheide\" width=\"150\" height=\"150\" \/><\/a><p id=\"caption-attachment-514\" class=\"wp-caption-text\">Winterberg - Auf Clemensberg und Hochheide<\/p><\/div>\n<p>\u00a0<\/p>\n<div id=\"attachment_511\" style=\"width: 160px\" class=\"wp-caption alignnone\"><a href=\"http:\/\/www.dhk-galerie.de\/wordpress\/wp-content\/uploads\/2009\/08\/GPS_Sch\u00f6neck_Tag1.jpg\" rel=\"lightbox[519]\"><img loading=\"lazy\" decoding=\"async\" aria-describedby=\"caption-attachment-511\" class=\"size-thumbnail wp-image-511\" title=\"GPS_Sch\u00f6neck_Tag1\" src=\"http:\/\/www.dhk-galerie.de\/wordpress\/wp-content\/uploads\/2009\/08\/GPS_Sch\u00f6neck_Tag1-150x150.jpg\" alt=\"Sch\u00f6neck - unterwegs in Vogtland's klingendem Viertel\" width=\"150\" height=\"150\" \/><\/a><p id=\"caption-attachment-511\" class=\"wp-caption-text\">Sch\u00f6neck - unterwegs in Vogtland&#39;s klingendem Viertel<\/p><\/div>\n<p>\u00a0<\/p>\n<div id=\"attachment_512\" style=\"width: 160px\" class=\"wp-caption alignnone\"><a href=\"http:\/\/www.dhk-galerie.de\/wordpress\/wp-content\/uploads\/2009\/08\/GPS_Sch\u00f6neck_Tag2.jpg\" rel=\"lightbox[519]\"><img loading=\"lazy\" decoding=\"async\" aria-describedby=\"caption-attachment-512\" class=\"size-thumbnail wp-image-512\" title=\"GPS_Sch\u00f6neck_Tag2\" src=\"http:\/\/www.dhk-galerie.de\/wordpress\/wp-content\/uploads\/2009\/08\/GPS_Sch\u00f6neck_Tag2-150x150.jpg\" alt=\"Sch\u00f6neck - mit Rolf auf tschechischen und deutschen Wegen\" width=\"150\" height=\"150\" \/><\/a><p id=\"caption-attachment-512\" class=\"wp-caption-text\">Sch\u00f6neck - mit Rolf auf tschechischen und deutschen Wegen<\/p><\/div>\n<p>\u00a0<\/p>\n<div id=\"attachment_505\" style=\"width: 160px\" class=\"wp-caption alignnone\"><a href=\"http:\/\/www.dhk-galerie.de\/wordpress\/wp-content\/uploads\/2009\/08\/GPS_BadSchandau_Tag1.jpg\" rel=\"lightbox[519]\"><img loading=\"lazy\" decoding=\"async\" aria-describedby=\"caption-attachment-505\" class=\"size-thumbnail wp-image-505\" title=\"GPS_BadSchandau_Tag1\" src=\"http:\/\/www.dhk-galerie.de\/wordpress\/wp-content\/uploads\/2009\/08\/GPS_BadSchandau_Tag1-150x150.jpg\" alt=\"Bad Schandau - Schrammsteintour\" width=\"150\" height=\"150\" \/><\/a><p id=\"caption-attachment-505\" class=\"wp-caption-text\">Bad Schandau - Schrammsteintour<\/p><\/div>\n<p>\u00a0<\/p>\n<div id=\"attachment_506\" style=\"width: 160px\" class=\"wp-caption alignnone\"><a href=\"http:\/\/www.dhk-galerie.de\/wordpress\/wp-content\/uploads\/2009\/08\/GPS_BadSchandau_Tag2.jpg\" rel=\"lightbox[519]\"><img loading=\"lazy\" decoding=\"async\" aria-describedby=\"caption-attachment-506\" class=\"size-thumbnail wp-image-506\" title=\"GPS_BadSchandau_Tag2\" src=\"http:\/\/www.dhk-galerie.de\/wordpress\/wp-content\/uploads\/2009\/08\/GPS_BadSchandau_Tag2-150x150.jpg\" alt=\"Bad Schandau - von der Bastei zum Lilienstein\" width=\"150\" height=\"150\" \/><\/a><p id=\"caption-attachment-506\" class=\"wp-caption-text\">Bad Schandau - von der Bastei zum Lilienstein<\/p><\/div>\n","protected":false},"excerpt":{"rendered":"<p>Ich hab nun endlich mal Zeit gefunden mich ein wenig n\u00e4her mit meinen GPS-Daten zu besch\u00e4ftigen. Wie ihr ja wi\u00dft hab ich mir zwei Tage vor meiner gro\u00dfen Wanderreise noch so einen GPS-Datenlogger gekauft um unsere Wanderrouten exclusiv aufzuzeichnen. Die K\u00fcrze der Zeit hat es mir nicht erlaubt mich n\u00e4her mit dem &#8222;Ding&#8220; zu besch\u00e4ftigen [&hellip;]<\/p>\n","protected":false},"author":2,"featured_media":0,"comment_status":"open","ping_status":"open","sticky":false,"template":"","format":"standard","meta":{"footnotes":""},"categories":[1],"tags":[],"class_list":["post-519","post","type-post","status-publish","format-standard","hentry","category-allgemein"],"_links":{"self":[{"href":"http:\/\/www.dhk-galerie.de\/wordpress\/wp-json\/wp\/v2\/posts\/519","targetHints":{"allow":["GET"]}}],"collection":[{"href":"http:\/\/www.dhk-galerie.de\/wordpress\/wp-json\/wp\/v2\/posts"}],"about":[{"href":"http:\/\/www.dhk-galerie.de\/wordpress\/wp-json\/wp\/v2\/types\/post"}],"author":[{"embeddable":true,"href":"http:\/\/www.dhk-galerie.de\/wordpress\/wp-json\/wp\/v2\/users\/2"}],"replies":[{"embeddable":true,"href":"http:\/\/www.dhk-galerie.de\/wordpress\/wp-json\/wp\/v2\/comments?post=519"}],"version-history":[{"count":7,"href":"http:\/\/www.dhk-galerie.de\/wordpress\/wp-json\/wp\/v2\/posts\/519\/revisions"}],"predecessor-version":[{"id":528,"href":"http:\/\/www.dhk-galerie.de\/wordpress\/wp-json\/wp\/v2\/posts\/519\/revisions\/528"}],"wp:attachment":[{"href":"http:\/\/www.dhk-galerie.de\/wordpress\/wp-json\/wp\/v2\/media?parent=519"}],"wp:term":[{"taxonomy":"category","embeddable":true,"href":"http:\/\/www.dhk-galerie.de\/wordpress\/wp-json\/wp\/v2\/categories?post=519"},{"taxonomy":"post_tag","embeddable":true,"href":"http:\/\/www.dhk-galerie.de\/wordpress\/wp-json\/wp\/v2\/tags?post=519"}],"curies":[{"name":"wp","href":"https:\/\/api.w.org\/{rel}","templated":true}]}}